[{"id":736,"date":"2025-12-15T16:28:00","date_gmt":"2025-12-15T15:28:00","guid":{"rendered":"https:\/\/rescue-dog.cz\/?p=736"},"modified":"2026-01-14T16:37:29","modified_gmt":"2026-01-14T15:37:29","slug":"o-vanocni-hvezdu","status":"publish","type":"post","link":"http:\/\/rescue-dog.cz\/o-vanocni-hvezdu\/","title":{"rendered":"O v\u00e1no\u010dn\u00ed hv\u011bzdu"},"content":{"rendered":"\n<p dir=\"ltr\">V sobotu 14.12.2025 se Marek Dehner, \u010dlen na\u0161eho pobo\u010dn\u00e9ho spolku, z\u00fa\u010dastnil praktick\u00e9ho z\u00e1vodu z\u00e1chrann\u00fdch ps\u016f O v\u00e1no\u010dn\u00ed hv\u011bzdu. V kategorii pokro\u010dil\u00ed se v konkurenci 16 sout\u011b\u017e\u00edc\u00edch um\u00edstil na 8. m\u00edst\u011b.<\/p>\n<p dir=\"ltr\"><!--more--><\/p>\n<p dir=\"ltr\">D\u011bkujeme za reprezentaci na\u0161eho spolku.<\/p>\n<p dir=\"ltr\"><a href=\"http:\/\/rescue-dog.cz\/wp-content\/uploads\/2026\/01\/vh02.jpg\"><img loading=\"lazy\" decoding=\"async\" class=\"alignnone size-thumbnail wp-image-737\" src=\"http:\/\/rescue-dog.cz\/wp-content\/uploads\/2026\/01\/vh02-150x150.jpg\" alt=\"\" width=\"150\" height=\"150\"><\/a> <a href=\"http:\/\/rescue-dog.cz\/wp-content\/uploads\/2026\/01\/vh01.jpg\"><img loading=\"lazy\" decoding=\"async\" class=\"alignnone size-thumbnail wp-image-738\" src=\"http:\/\/rescue-dog.cz\/wp-content\/uploads\/2026\/01\/vh01-150x150.jpg\" alt=\"\" width=\"150\" height=\"150\"><\/a><\/p>\n<p class=\"bawpvc-ajax-counter\" data-id=\"736\">Zobrazeno: 14 kr\u00e1t<\/p><div class='watch-action'><div class='watch-position align-right'><div class='action-like'><a class='lbg-style3 like-736 jlk' href='javascript:void(0)' data-task='like' data-post_id='736' data-nonce='4ab0c834a3' rel='nofollow'><img class='wti-pixel' src='http:\/\/rescue-dog.cz\/wp-content\/plugins\/wti-like-post\/images\/pixel.gif' title='L\u00edb\u00ed' \/><span class='lc-736 lc'>0<\/span><\/a><\/div><div class='action-unlike'><a class='unlbg-style3 unlike-736 jlk' href='javascript:void(0)' data-task='unlike' data-post_id='736' data-nonce='4ab0c834a3' rel='nofollow'><img class='wti-pixel' src='http:\/\/rescue-dog.cz\/wp-content\/plugins\/wti-like-post\/images\/pixel.gif' title='Nel\u00edb\u00ed' \/><span class='unlc-736 unlc'>0<\/span><\/a><\/div> <\/div> <div class='status-736 status align-right'><\/div><\/div><div class='wti-clear'><\/div>","protected":false},"excerpt":{"rendered":"<p>V sobotu 14.12.2025 se Marek Dehner, \u010dlen na\u0161eho pobo\u010dn\u00e9ho spolku, z\u00fa\u010dastnil praktick\u00e9ho z\u00e1vodu z\u00e1chrann\u00fdch ps\u016f O v\u00e1no\u010dn\u00ed hv\u011bzdu. V kategorii pokro\u010dil\u00ed se v konkurenci 16 sout\u011b\u017e\u00edc\u00edch um\u00edstil na 8. m\u00edst\u011b. Zobrazeno: 14 kr\u00e1t 0 0<\/p>\n","protected":false},"author":2,"featured_media":738,"comment_status":"closed","ping_status":"open","sticky":false,"template":"","format":"standard","meta":{"ngg_post_thumbnail":0,"footnotes":""},"categories":[4],"tags":[20],"class_list":["post-736","post","type-post","status-publish","format-standard","has-post-thumbnail","hentry","category-novinky","tag-zavod"],"yoast_head":"<!-- This site is optimized with the Yoast SEO plugin v26.8 - https:\/\/yoast.com\/product\/yoast-seo-wordpress\/ -->\n<title>O v\u00e1no\u010dn\u00ed hv\u011bzdu - rescue-dog.cz<\/title>\n<meta name=\"robots\" content=\"index, follow, max-snippet:-1, max-image-preview:large, max-video-preview:-1\" \/>\n<link rel=\"canonical\" href=\"http:\/\/rescue-dog.cz\/o-vanocni-hvezdu\/\" \/>\n<meta property=\"og:locale\" content=\"cs_CZ\" \/>\n<meta property=\"og:type\" content=\"article\" \/>\n<meta property=\"og:title\" content=\"O v\u00e1no\u010dn\u00ed hv\u011bzdu - rescue-dog.cz\" \/>\n<meta property=\"og:description\" content=\"V sobotu 14.12.2025 se Marek Dehner, \u010dlen na\u0161eho pobo\u010dn\u00e9ho spolku, z\u00fa\u010dastnil praktick\u00e9ho z\u00e1vodu z\u00e1chrann\u00fdch ps\u016f O v\u00e1no\u010dn\u00ed hv\u011bzdu. V kategorii pokro\u010dil\u00ed se v konkurenci 16 sout\u011b\u017e\u00edc\u00edch um\u00edstil na 8. m\u00edst\u011b. Zobrazeno: 14 kr\u00e1t 0 0\" \/>\n<meta property=\"og:url\" content=\"http:\/\/rescue-dog.cz\/o-vanocni-hvezdu\/\" \/>\n<meta property=\"og:site_name\" content=\"rescue-dog.cz\" \/>\n<meta property=\"article:published_time\" content=\"2025-12-15T15:28:00+00:00\" \/>\n<meta property=\"article:modified_time\" content=\"2026-01-14T15:37:29+00:00\" \/>\n<meta property=\"og:image\" content=\"http:\/\/rescue-dog.cz\/wp-content\/uploads\/2026\/01\/vh01.jpg\" \/>\n\t<meta property=\"og:image:width\" content=\"2048\" \/>\n\t<meta property=\"og:image:height\" content=\"1365\" \/>\n\t<meta property=\"og:image:type\" content=\"image\/jpeg\" \/>\n<meta name=\"author\" content=\"Marek Dehner\" \/>\n<meta name=\"twitter:card\" content=\"summary_large_image\" \/>\n<meta name=\"twitter:label1\" content=\"Napsal(a)\" \/>\n\t<meta name=\"twitter:data1\" content=\"Marek Dehner\" \/>\n\t<meta name=\"twitter:label2\" content=\"Odhadovan\u00e1 doba \u010dten\u00ed\" \/>\n\t<meta name=\"twitter:data2\" content=\"1 minuta\" \/>\n<script type=\"application\/ld+json\" class=\"yoast-schema-graph\">{\"@context\":\"https:\/\/schema.org\",\"@graph\":[{\"@type\":\"Article\",\"@id\":\"http:\/\/rescue-dog.cz\/o-vanocni-hvezdu\/#article\",\"isPartOf\":{\"@id\":\"http:\/\/rescue-dog.cz\/o-vanocni-hvezdu\/\"},\"author\":{\"name\":\"Marek Dehner\",\"@id\":\"http:\/\/rescue-dog.cz\/#\/schema\/person\/7f9e7c821a3d01df60ffb75390c85772\"},\"headline\":\"O v\u00e1no\u010dn\u00ed hv\u011bzdu\",\"datePublished\":\"2025-12-15T15:28:00+00:00\",\"dateModified\":\"2026-01-14T15:37:29+00:00\",\"mainEntityOfPage\":{\"@id\":\"http:\/\/rescue-dog.cz\/o-vanocni-hvezdu\/\"},\"wordCount\":56,\"image\":{\"@id\":\"http:\/\/rescue-dog.cz\/o-vanocni-hvezdu\/#primaryimage\"},\"thumbnailUrl\":\"http:\/\/rescue-dog.cz\/wp-content\/uploads\/2026\/01\/vh01.jpg\",\"keywords\":[\"z\u00e1vod\"],\"articleSection\":[\"Novinky\"],\"inLanguage\":\"cs\"},{\"@type\":\"WebPage\",\"@id\":\"http:\/\/rescue-dog.cz\/o-vanocni-hvezdu\/\",\"url\":\"http:\/\/rescue-dog.cz\/o-vanocni-hvezdu\/\",\"name\":\"O v\u00e1no\u010dn\u00ed hv\u011bzdu - rescue-dog.cz\",\"isPartOf\":{\"@id\":\"http:\/\/rescue-dog.cz\/#website\"},\"primaryImageOfPage\":{\"@id\":\"http:\/\/rescue-dog.cz\/o-vanocni-hvezdu\/#primaryimage\"},\"image\":{\"@id\":\"http:\/\/rescue-dog.cz\/o-vanocni-hvezdu\/#primaryimage\"},\"thumbnailUrl\":\"http:\/\/rescue-dog.cz\/wp-content\/uploads\/2026\/01\/vh01.jpg\",\"datePublished\":\"2025-12-15T15:28:00+00:00\",\"dateModified\":\"2026-01-14T15:37:29+00:00\",\"author\":{\"@id\":\"http:\/\/rescue-dog.cz\/#\/schema\/person\/7f9e7c821a3d01df60ffb75390c85772\"},\"breadcrumb\":{\"@id\":\"http:\/\/rescue-dog.cz\/o-vanocni-hvezdu\/#breadcrumb\"},\"inLanguage\":\"cs\",\"potentialAction\":[{\"@type\":\"ReadAction\",\"target\":[\"http:\/\/rescue-dog.cz\/o-vanocni-hvezdu\/\"]}]},{\"@type\":\"ImageObject\",\"inLanguage\":\"cs\",\"@id\":\"http:\/\/rescue-dog.cz\/o-vanocni-hvezdu\/#primaryimage\",\"url\":\"http:\/\/rescue-dog.cz\/wp-content\/uploads\/2026\/01\/vh01.jpg\",\"contentUrl\":\"http:\/\/rescue-dog.cz\/wp-content\/uploads\/2026\/01\/vh01.jpg\",\"width\":2048,\"height\":1365},{\"@type\":\"BreadcrumbList\",\"@id\":\"http:\/\/rescue-dog.cz\/o-vanocni-hvezdu\/#breadcrumb\",\"itemListElement\":[{\"@type\":\"ListItem\",\"position\":1,\"name\":\"Dom\u016f\",\"item\":\"http:\/\/rescue-dog.cz\/\"},{\"@type\":\"ListItem\",\"position\":2,\"name\":\"O v\u00e1no\u010dn\u00ed hv\u011bzdu\"}]},{\"@type\":\"WebSite\",\"@id\":\"http:\/\/rescue-dog.cz\/#website\",\"url\":\"http:\/\/rescue-dog.cz\/\",\"name\":\"rescue-dog.cz\",\"description\":\"Z\u00e1chrann\u00e1 kynologick\u00e1 stanice Pood\u0159\u00ed\",\"potentialAction\":[{\"@type\":\"SearchAction\",\"target\":{\"@type\":\"EntryPoint\",\"urlTemplate\":\"http:\/\/rescue-dog.cz\/?s={search_term_string}\"},\"query-input\":{\"@type\":\"PropertyValueSpecification\",\"valueRequired\":true,\"valueName\":\"search_term_string\"}}],\"inLanguage\":\"cs\"},{\"@type\":\"Person\",\"@id\":\"http:\/\/rescue-dog.cz\/#\/schema\/person\/7f9e7c821a3d01df60ffb75390c85772\",\"name\":\"Marek Dehner\",\"image\":{\"@type\":\"ImageObject\",\"inLanguage\":\"cs\",\"@id\":\"http:\/\/rescue-dog.cz\/#\/schema\/person\/image\/\",\"url\":\"https:\/\/secure.gravatar.com\/avatar\/924d7375fce6a8cda2dc6aaf9142f7beab91609786fc8e07396eeddc42fdabe8?s=96&d=mm&r=g\",\"contentUrl\":\"https:\/\/secure.gravatar.com\/avatar\/924d7375fce6a8cda2dc6aaf9142f7beab91609786fc8e07396eeddc42fdabe8?s=96&d=mm&r=g\",\"caption\":\"Marek Dehner\"},\"url\":\"http:\/\/rescue-dog.cz\/author\/marek-dehner\/\"}]}<\/script>\n<!-- \/ Yoast SEO plugin. -->","yoast_head_json":{"title":"O v\u00e1no\u010dn\u00ed hv\u011bzdu - rescue-dog.cz","robots":{"index":"index","follow":"follow","max-snippet":"max-snippet:-1","max-image-preview":"max-image-preview:large","max-video-preview":"max-video-preview:-1"},"canonical":"http:\/\/rescue-dog.cz\/o-vanocni-hvezdu\/","og_locale":"cs_CZ","og_type":"article","og_title":"O v\u00e1no\u010dn\u00ed hv\u011bzdu - rescue-dog.cz","og_description":"V sobotu 14.12.2025 se Marek Dehner, \u010dlen na\u0161eho pobo\u010dn\u00e9ho spolku, z\u00fa\u010dastnil praktick\u00e9ho z\u00e1vodu z\u00e1chrann\u00fdch ps\u016f O v\u00e1no\u010dn\u00ed hv\u011bzdu. V kategorii pokro\u010dil\u00ed se v konkurenci 16 sout\u011b\u017e\u00edc\u00edch um\u00edstil na 8. m\u00edst\u011b. Zobrazeno: 14 kr\u00e1t 0 0","og_url":"http:\/\/rescue-dog.cz\/o-vanocni-hvezdu\/","og_site_name":"rescue-dog.cz","article_published_time":"2025-12-15T15:28:00+00:00","article_modified_time":"2026-01-14T15:37:29+00:00","og_image":[{"width":2048,"height":1365,"url":"http:\/\/rescue-dog.cz\/wp-content\/uploads\/2026\/01\/vh01.jpg","type":"image\/jpeg"}],"author":"Marek Dehner","twitter_card":"summary_large_image","twitter_misc":{"Napsal(a)":"Marek Dehner","Odhadovan\u00e1 doba \u010dten\u00ed":"1 minuta"},"schema":{"@context":"https:\/\/schema.org","@graph":[{"@type":"Article","@id":"http:\/\/rescue-dog.cz\/o-vanocni-hvezdu\/#article","isPartOf":{"@id":"http:\/\/rescue-dog.cz\/o-vanocni-hvezdu\/"},"author":{"name":"Marek Dehner","@id":"http:\/\/rescue-dog.cz\/#\/schema\/person\/7f9e7c821a3d01df60ffb75390c85772"},"headline":"O v\u00e1no\u010dn\u00ed hv\u011bzdu","datePublished":"2025-12-15T15:28:00+00:00","dateModified":"2026-01-14T15:37:29+00:00","mainEntityOfPage":{"@id":"http:\/\/rescue-dog.cz\/o-vanocni-hvezdu\/"},"wordCount":56,"image":{"@id":"http:\/\/rescue-dog.cz\/o-vanocni-hvezdu\/#primaryimage"},"thumbnailUrl":"http:\/\/rescue-dog.cz\/wp-content\/uploads\/2026\/01\/vh01.jpg","keywords":["z\u00e1vod"],"articleSection":["Novinky"],"inLanguage":"cs"},{"@type":"WebPage","@id":"http:\/\/rescue-dog.cz\/o-vanocni-hvezdu\/","url":"http:\/\/rescue-dog.cz\/o-vanocni-hvezdu\/","name":"O v\u00e1no\u010dn\u00ed hv\u011bzdu - rescue-dog.cz","isPartOf":{"@id":"http:\/\/rescue-dog.cz\/#website"},"primaryImageOfPage":{"@id":"http:\/\/rescue-dog.cz\/o-vanocni-hvezdu\/#primaryimage"},"image":{"@id":"http:\/\/rescue-dog.cz\/o-vanocni-hvezdu\/#primaryimage"},"thumbnailUrl":"http:\/\/rescue-dog.cz\/wp-content\/uploads\/2026\/01\/vh01.jpg","datePublished":"2025-12-15T15:28:00+00:00","dateModified":"2026-01-14T15:37:29+00:00","author":{"@id":"http:\/\/rescue-dog.cz\/#\/schema\/person\/7f9e7c821a3d01df60ffb75390c85772"},"breadcrumb":{"@id":"http:\/\/rescue-dog.cz\/o-vanocni-hvezdu\/#breadcrumb"},"inLanguage":"cs","potentialAction":[{"@type":"ReadAction","target":["http:\/\/rescue-dog.cz\/o-vanocni-hvezdu\/"]}]},{"@type":"ImageObject","inLanguage":"cs","@id":"http:\/\/rescue-dog.cz\/o-vanocni-hvezdu\/#primaryimage","url":"http:\/\/rescue-dog.cz\/wp-content\/uploads\/2026\/01\/vh01.jpg","contentUrl":"http:\/\/rescue-dog.cz\/wp-content\/uploads\/2026\/01\/vh01.jpg","width":2048,"height":1365},{"@type":"BreadcrumbList","@id":"http:\/\/rescue-dog.cz\/o-vanocni-hvezdu\/#breadcrumb","itemListElement":[{"@type":"ListItem","position":1,"name":"Dom\u016f","item":"http:\/\/rescue-dog.cz\/"},{"@type":"ListItem","position":2,"name":"O v\u00e1no\u010dn\u00ed hv\u011bzdu"}]},{"@type":"WebSite","@id":"http:\/\/rescue-dog.cz\/#website","url":"http:\/\/rescue-dog.cz\/","name":"rescue-dog.cz","description":"Z\u00e1chrann\u00e1 kynologick\u00e1 stanice Pood\u0159\u00ed","potentialAction":[{"@type":"SearchAction","target":{"@type":"EntryPoint","urlTemplate":"http:\/\/rescue-dog.cz\/?s={search_term_string}"},"query-input":{"@type":"PropertyValueSpecification","valueRequired":true,"valueName":"search_term_string"}}],"inLanguage":"cs"},{"@type":"Person","@id":"http:\/\/rescue-dog.cz\/#\/schema\/person\/7f9e7c821a3d01df60ffb75390c85772","name":"Marek Dehner","image":{"@type":"ImageObject","inLanguage":"cs","@id":"http:\/\/rescue-dog.cz\/#\/schema\/person\/image\/","url":"https:\/\/secure.gravatar.com\/avatar\/924d7375fce6a8cda2dc6aaf9142f7beab91609786fc8e07396eeddc42fdabe8?s=96&d=mm&r=g","contentUrl":"https:\/\/secure.gravatar.com\/avatar\/924d7375fce6a8cda2dc6aaf9142f7beab91609786fc8e07396eeddc42fdabe8?s=96&d=mm&r=g","caption":"Marek Dehner"},"url":"http:\/\/rescue-dog.cz\/author\/marek-dehner\/"}]}},"_links":{"self":[{"href":"http:\/\/rescue-dog.cz\/wp-json\/wp\/v2\/posts\/736","targetHints":{"allow":["GET"]}}],"collection":[{"href":"http:\/\/rescue-dog.cz\/wp-json\/wp\/v2\/posts"}],"about":[{"href":"http:\/\/rescue-dog.cz\/wp-json\/wp\/v2\/types\/post"}],"author":[{"embeddable":true,"href":"http:\/\/rescue-dog.cz\/wp-json\/wp\/v2\/users\/2"}],"replies":[{"embeddable":true,"href":"http:\/\/rescue-dog.cz\/wp-json\/wp\/v2\/comments?post=736"}],"version-history":[{"count":1,"href":"http:\/\/rescue-dog.cz\/wp-json\/wp\/v2\/posts\/736\/revisions"}],"predecessor-version":[{"id":739,"href":"http:\/\/rescue-dog.cz\/wp-json\/wp\/v2\/posts\/736\/revisions\/739"}],"wp:featuredmedia":[{"embeddable":true,"href":"http:\/\/rescue-dog.cz\/wp-json\/wp\/v2\/media\/738"}],"wp:attachment":[{"href":"http:\/\/rescue-dog.cz\/wp-json\/wp\/v2\/media?parent=736"}],"wp:term":[{"taxonomy":"category","embeddable":true,"href":"http:\/\/rescue-dog.cz\/wp-json\/wp\/v2\/categories?post=736"},{"taxonomy":"post_tag","embeddable":true,"href":"http:\/\/rescue-dog.cz\/wp-json\/wp\/v2\/tags?post=736"}],"curies":[{"name":"wp","href":"https:\/\/api.w.org\/{rel}","templated":true}]}},{"id":729,"date":"2025-10-30T16:23:00","date_gmt":"2025-10-30T15:23:00","guid":{"rendered":"https:\/\/rescue-dog.cz\/?p=729"},"modified":"2026-01-14T16:37:16","modified_gmt":"2026-01-14T15:37:16","slug":"quaerere-iii-2025","status":"publish","type":"post","link":"http:\/\/rescue-dog.cz\/quaerere-iii-2025\/","title":{"rendered":"Quaerere III. 2025"},"content":{"rendered":"\n<p dir=\"ltr\">Posledn\u00ed z\u00e1\u0159iov\u00fd v\u00edkend se dva \u010dlenov\u00e9 na\u0161eho spolku, Marek Dehner a Kate\u0159ina Honusov\u00e1, se sv\u00fdmi par\u0165\u00e1ky z\u00fa\u010dastnili praktick\u00e9ho z\u00e1vodu z\u00e1chrann\u00fdch ps\u016f Quaerere III. 2025. Marek obsadil 4. a Katka \u00fa\u017easn\u00e9 2. m\u00edsto.<\/p>\n<p dir=\"ltr\"><!--more--><\/p>\n<p dir=\"ltr\">Blahop\u0159ejeme a d\u011bkujeme za reprezentaci na\u0161eho spolku!<\/p>\n<p dir=\"ltr\"><a href=\"http:\/\/rescue-dog.cz\/wp-content\/uploads\/2026\/01\/q02-scaled.jpg\"><img loading=\"lazy\" decoding=\"async\" class=\"alignnone size-thumbnail wp-image-730\" src=\"http:\/\/rescue-dog.cz\/wp-content\/uploads\/2026\/01\/q02-150x150.jpg\" alt=\"\" width=\"150\" height=\"150\"><\/a> <a href=\"http:\/\/rescue-dog.cz\/wp-content\/uploads\/2026\/01\/q05-scaled.jpg\"><img loading=\"lazy\" decoding=\"async\" class=\"alignnone size-thumbnail wp-image-731\" src=\"http:\/\/rescue-dog.cz\/wp-content\/uploads\/2026\/01\/q05-150x150.jpg\" alt=\"\" width=\"150\" height=\"150\"><\/a> <a href=\"http:\/\/rescue-dog.cz\/wp-content\/uploads\/2026\/01\/q01-scaled.jpg\"><img loading=\"lazy\" decoding=\"async\" class=\"alignnone size-thumbnail wp-image-732\" src=\"http:\/\/rescue-dog.cz\/wp-content\/uploads\/2026\/01\/q01-150x150.jpg\" alt=\"\" width=\"150\" height=\"150\"><\/a> <a href=\"http:\/\/rescue-dog.cz\/wp-content\/uploads\/2026\/01\/q04-scaled.jpg\"><img loading=\"lazy\" decoding=\"async\" class=\"alignnone size-thumbnail wp-image-733\" src=\"http:\/\/rescue-dog.cz\/wp-content\/uploads\/2026\/01\/q04-150x150.jpg\" alt=\"\" width=\"150\" height=\"150\"><\/a> <a href=\"http:\/\/rescue-dog.cz\/wp-content\/uploads\/2026\/01\/q03-scaled.jpg\"><img loading=\"lazy\" decoding=\"async\" class=\"alignnone size-thumbnail wp-image-734\" src=\"http:\/\/rescue-dog.cz\/wp-content\/uploads\/2026\/01\/q03-150x150.jpg\" alt=\"\" width=\"150\" height=\"150\"><\/a><\/p>\n<p class=\"bawpvc-ajax-counter\" data-id=\"729\">Zobrazeno: 17 kr\u00e1t<\/p><div class='watch-action'><div class='watch-position align-right'><div class='action-like'><a class='lbg-style3 like-729 jlk' href='javascript:void(0)' data-task='like' data-post_id='729' data-nonce='4ab0c834a3' rel='nofollow'><img class='wti-pixel' src='http:\/\/rescue-dog.cz\/wp-content\/plugins\/wti-like-post\/images\/pixel.gif' title='L\u00edb\u00ed' \/><span class='lc-729 lc'>0<\/span><\/a><\/div><div class='action-unlike'><a class='unlbg-style3 unlike-729 jlk' href='javascript:void(0)' data-task='unlike' data-post_id='729' data-nonce='4ab0c834a3' rel='nofollow'><img class='wti-pixel' src='http:\/\/rescue-dog.cz\/wp-content\/plugins\/wti-like-post\/images\/pixel.gif' title='Nel\u00edb\u00ed' \/><span class='unlc-729 unlc'>0<\/span><\/a><\/div> <\/div> <div class='status-729 status align-right'><\/div><\/div><div class='wti-clear'><\/div>","protected":false},"excerpt":{"rendered":"<p>Posledn\u00ed z\u00e1\u0159iov\u00fd v\u00edkend se dva \u010dlenov\u00e9 na\u0161eho spolku, Marek Dehner a Kate\u0159ina Honusov\u00e1, se sv\u00fdmi par\u0165\u00e1ky z\u00fa\u010dastnili praktick\u00e9ho z\u00e1vodu z\u00e1chrann\u00fdch ps\u016f Quaerere III. 2025. Marek obsadil 4. a Katka \u00fa\u017easn\u00e9 2. m\u00edsto. Zobrazeno: 17 kr\u00e1t 0 0<\/p>\n","protected":false},"author":2,"featured_media":731,"comment_status":"closed","ping_status":"open","sticky":false,"template":"","format":"standard","meta":{"ngg_post_thumbnail":0,"footnotes":""},"categories":[4],"tags":[20],"class_list":["post-729","post","type-post","status-publish","format-standard","has-post-thumbnail","hentry","category-novinky","tag-zavod"],"yoast_head":"<!-- This site is optimized with the Yoast SEO plugin v26.8 - https:\/\/yoast.com\/product\/yoast-seo-wordpress\/ -->\n<title>Quaerere III. 2025 - rescue-dog.cz<\/title>\n<meta name=\"robots\" content=\"index, follow, max-snippet:-1, max-image-preview:large, max-video-preview:-1\" \/>\n<link rel=\"canonical\" href=\"http:\/\/rescue-dog.cz\/quaerere-iii-2025\/\" \/>\n<meta property=\"og:locale\" content=\"cs_CZ\" \/>\n<meta property=\"og:type\" content=\"article\" \/>\n<meta property=\"og:title\" content=\"Quaerere III. 2025 - rescue-dog.cz\" \/>\n<meta property=\"og:description\" content=\"Posledn\u00ed z\u00e1\u0159iov\u00fd v\u00edkend se dva \u010dlenov\u00e9 na\u0161eho spolku, Marek Dehner a Kate\u0159ina Honusov\u00e1, se sv\u00fdmi par\u0165\u00e1ky z\u00fa\u010dastnili praktick\u00e9ho z\u00e1vodu z\u00e1chrann\u00fdch ps\u016f Quaerere III. 2025. Marek obsadil 4. a Katka \u00fa\u017easn\u00e9 2. m\u00edsto. Zobrazeno: 17 kr\u00e1t 0 0\" \/>\n<meta property=\"og:url\" content=\"http:\/\/rescue-dog.cz\/quaerere-iii-2025\/\" \/>\n<meta property=\"og:site_name\" content=\"rescue-dog.cz\" \/>\n<meta property=\"article:published_time\" content=\"2025-10-30T15:23:00+00:00\" \/>\n<meta property=\"article:modified_time\" content=\"2026-01-14T15:37:16+00:00\" \/>\n<meta property=\"og:image\" content=\"http:\/\/rescue-dog.cz\/wp-content\/uploads\/2026\/01\/q05-scaled.jpg\" \/>\n\t<meta property=\"og:image:width\" content=\"2560\" \/>\n\t<meta property=\"og:image:height\" content=\"1707\" \/>\n\t<meta property=\"og:image:type\" content=\"image\/jpeg\" \/>\n<meta name=\"author\" content=\"Marek Dehner\" \/>\n<meta name=\"twitter:card\" content=\"summary_large_image\" \/>\n<meta name=\"twitter:label1\" content=\"Napsal(a)\" \/>\n\t<meta name=\"twitter:data1\" content=\"Marek Dehner\" \/>\n\t<meta name=\"twitter:label2\" content=\"Odhadovan\u00e1 doba \u010dten\u00ed\" \/>\n\t<meta name=\"twitter:data2\" content=\"2 minuty\" \/>\n<script type=\"application\/ld+json\" class=\"yoast-schema-graph\">{\"@context\":\"https:\/\/schema.org\",\"@graph\":[{\"@type\":\"Article\",\"@id\":\"http:\/\/rescue-dog.cz\/quaerere-iii-2025\/#article\",\"isPartOf\":{\"@id\":\"http:\/\/rescue-dog.cz\/quaerere-iii-2025\/\"},\"author\":{\"name\":\"Marek Dehner\",\"@id\":\"http:\/\/rescue-dog.cz\/#\/schema\/person\/7f9e7c821a3d01df60ffb75390c85772\"},\"headline\":\"Quaerere III. 2025\",\"datePublished\":\"2025-10-30T15:23:00+00:00\",\"dateModified\":\"2026-01-14T15:37:16+00:00\",\"mainEntityOfPage\":{\"@id\":\"http:\/\/rescue-dog.cz\/quaerere-iii-2025\/\"},\"wordCount\":53,\"image\":{\"@id\":\"http:\/\/rescue-dog.cz\/quaerere-iii-2025\/#primaryimage\"},\"thumbnailUrl\":\"http:\/\/rescue-dog.cz\/wp-content\/uploads\/2026\/01\/q05-scaled.jpg\",\"keywords\":[\"z\u00e1vod\"],\"articleSection\":[\"Novinky\"],\"inLanguage\":\"cs\"},{\"@type\":\"WebPage\",\"@id\":\"http:\/\/rescue-dog.cz\/quaerere-iii-2025\/\",\"url\":\"http:\/\/rescue-dog.cz\/quaerere-iii-2025\/\",\"name\":\"Quaerere III. 2025 - rescue-dog.cz\",\"isPartOf\":{\"@id\":\"http:\/\/rescue-dog.cz\/#website\"},\"primaryImageOfPage\":{\"@id\":\"http:\/\/rescue-dog.cz\/quaerere-iii-2025\/#primaryimage\"},\"image\":{\"@id\":\"http:\/\/rescue-dog.cz\/quaerere-iii-2025\/#primaryimage\"},\"thumbnailUrl\":\"http:\/\/rescue-dog.cz\/wp-content\/uploads\/2026\/01\/q05-scaled.jpg\",\"datePublished\":\"2025-10-30T15:23:00+00:00\",\"dateModified\":\"2026-01-14T15:37:16+00:00\",\"author\":{\"@id\":\"http:\/\/rescue-dog.cz\/#\/schema\/person\/7f9e7c821a3d01df60ffb75390c85772\"},\"breadcrumb\":{\"@id\":\"http:\/\/rescue-dog.cz\/quaerere-iii-2025\/#breadcrumb\"},\"inLanguage\":\"cs\",\"potentialAction\":[{\"@type\":\"ReadAction\",\"target\":[\"http:\/\/rescue-dog.cz\/quaerere-iii-2025\/\"]}]},{\"@type\":\"ImageObject\",\"inLanguage\":\"cs\",\"@id\":\"http:\/\/rescue-dog.cz\/quaerere-iii-2025\/#primaryimage\",\"url\":\"http:\/\/rescue-dog.cz\/wp-content\/uploads\/2026\/01\/q05-scaled.jpg\",\"contentUrl\":\"http:\/\/rescue-dog.cz\/wp-content\/uploads\/2026\/01\/q05-scaled.jpg\",\"width\":2560,\"height\":1707},{\"@type\":\"BreadcrumbList\",\"@id\":\"http:\/\/rescue-dog.cz\/quaerere-iii-2025\/#breadcrumb\",\"itemListElement\":[{\"@type\":\"ListItem\",\"position\":1,\"name\":\"Dom\u016f\",\"item\":\"http:\/\/rescue-dog.cz\/\"},{\"@type\":\"ListItem\",\"position\":2,\"name\":\"Quaerere III. 2025\"}]},{\"@type\":\"WebSite\",\"@id\":\"http:\/\/rescue-dog.cz\/#website\",\"url\":\"http:\/\/rescue-dog.cz\/\",\"name\":\"rescue-dog.cz\",\"description\":\"Z\u00e1chrann\u00e1 kynologick\u00e1 stanice Pood\u0159\u00ed\",\"potentialAction\":[{\"@type\":\"SearchAction\",\"target\":{\"@type\":\"EntryPoint\",\"urlTemplate\":\"http:\/\/rescue-dog.cz\/?s={search_term_string}\"},\"query-input\":{\"@type\":\"PropertyValueSpecification\",\"valueRequired\":true,\"valueName\":\"search_term_string\"}}],\"inLanguage\":\"cs\"},{\"@type\":\"Person\",\"@id\":\"http:\/\/rescue-dog.cz\/#\/schema\/person\/7f9e7c821a3d01df60ffb75390c85772\",\"name\":\"Marek Dehner\",\"image\":{\"@type\":\"ImageObject\",\"inLanguage\":\"cs\",\"@id\":\"http:\/\/rescue-dog.cz\/#\/schema\/person\/image\/\",\"url\":\"https:\/\/secure.gravatar.com\/avatar\/924d7375fce6a8cda2dc6aaf9142f7beab91609786fc8e07396eeddc42fdabe8?s=96&d=mm&r=g\",\"contentUrl\":\"https:\/\/secure.gravatar.com\/avatar\/924d7375fce6a8cda2dc6aaf9142f7beab91609786fc8e07396eeddc42fdabe8?s=96&d=mm&r=g\",\"caption\":\"Marek Dehner\"},\"url\":\"http:\/\/rescue-dog.cz\/author\/marek-dehner\/\"}]}<\/script>\n<!-- \/ Yoast SEO plugin. -->","yoast_head_json":{"title":"Quaerere III. 2025 - rescue-dog.cz","robots":{"index":"index","follow":"follow","max-snippet":"max-snippet:-1","max-image-preview":"max-image-preview:large","max-video-preview":"max-video-preview:-1"},"canonical":"http:\/\/rescue-dog.cz\/quaerere-iii-2025\/","og_locale":"cs_CZ","og_type":"article","og_title":"Quaerere III. 2025 - rescue-dog.cz","og_description":"Posledn\u00ed z\u00e1\u0159iov\u00fd v\u00edkend se dva \u010dlenov\u00e9 na\u0161eho spolku, Marek Dehner a Kate\u0159ina Honusov\u00e1, se sv\u00fdmi par\u0165\u00e1ky z\u00fa\u010dastnili praktick\u00e9ho z\u00e1vodu z\u00e1chrann\u00fdch ps\u016f Quaerere III. 2025. Marek obsadil 4. a Katka \u00fa\u017easn\u00e9 2. m\u00edsto. Zobrazeno: 17 kr\u00e1t 0 0","og_url":"http:\/\/rescue-dog.cz\/quaerere-iii-2025\/","og_site_name":"rescue-dog.cz","article_published_time":"2025-10-30T15:23:00+00:00","article_modified_time":"2026-01-14T15:37:16+00:00","og_image":[{"width":2560,"height":1707,"url":"http:\/\/rescue-dog.cz\/wp-content\/uploads\/2026\/01\/q05-scaled.jpg","type":"image\/jpeg"}],"author":"Marek Dehner","twitter_card":"summary_large_image","twitter_misc":{"Napsal(a)":"Marek Dehner","Odhadovan\u00e1 doba \u010dten\u00ed":"2 minuty"},"schema":{"@context":"https:\/\/schema.org","@graph":[{"@type":"Article","@id":"http:\/\/rescue-dog.cz\/quaerere-iii-2025\/#article","isPartOf":{"@id":"http:\/\/rescue-dog.cz\/quaerere-iii-2025\/"},"author":{"name":"Marek Dehner","@id":"http:\/\/rescue-dog.cz\/#\/schema\/person\/7f9e7c821a3d01df60ffb75390c85772"},"headline":"Quaerere III. 2025","datePublished":"2025-10-30T15:23:00+00:00","dateModified":"2026-01-14T15:37:16+00:00","mainEntityOfPage":{"@id":"http:\/\/rescue-dog.cz\/quaerere-iii-2025\/"},"wordCount":53,"image":{"@id":"http:\/\/rescue-dog.cz\/quaerere-iii-2025\/#primaryimage"},"thumbnailUrl":"http:\/\/rescue-dog.cz\/wp-content\/uploads\/2026\/01\/q05-scaled.jpg","keywords":["z\u00e1vod"],"articleSection":["Novinky"],"inLanguage":"cs"},{"@type":"WebPage","@id":"http:\/\/rescue-dog.cz\/quaerere-iii-2025\/","url":"http:\/\/rescue-dog.cz\/quaerere-iii-2025\/","name":"Quaerere III. 2025 - rescue-dog.cz","isPartOf":{"@id":"http:\/\/rescue-dog.cz\/#website"},"primaryImageOfPage":{"@id":"http:\/\/rescue-dog.cz\/quaerere-iii-2025\/#primaryimage"},"image":{"@id":"http:\/\/rescue-dog.cz\/quaerere-iii-2025\/#primaryimage"},"thumbnailUrl":"http:\/\/rescue-dog.cz\/wp-content\/uploads\/2026\/01\/q05-scaled.jpg","datePublished":"2025-10-30T15:23:00+00:00","dateModified":"2026-01-14T15:37:16+00:00","author":{"@id":"http:\/\/rescue-dog.cz\/#\/schema\/person\/7f9e7c821a3d01df60ffb75390c85772"},"breadcrumb":{"@id":"http:\/\/rescue-dog.cz\/quaerere-iii-2025\/#breadcrumb"},"inLanguage":"cs","potentialAction":[{"@type":"ReadAction","target":["http:\/\/rescue-dog.cz\/quaerere-iii-2025\/"]}]},{"@type":"ImageObject","inLanguage":"cs","@id":"http:\/\/rescue-dog.cz\/quaerere-iii-2025\/#primaryimage","url":"http:\/\/rescue-dog.cz\/wp-content\/uploads\/2026\/01\/q05-scaled.jpg","contentUrl":"http:\/\/rescue-dog.cz\/wp-content\/uploads\/2026\/01\/q05-scaled.jpg","width":2560,"height":1707},{"@type":"BreadcrumbList","@id":"http:\/\/rescue-dog.cz\/quaerere-iii-2025\/#breadcrumb","itemListElement":[{"@type":"ListItem","position":1,"name":"Dom\u016f","item":"http:\/\/rescue-dog.cz\/"},{"@type":"ListItem","position":2,"name":"Quaerere III. 2025"}]},{"@type":"WebSite","@id":"http:\/\/rescue-dog.cz\/#website","url":"http:\/\/rescue-dog.cz\/","name":"rescue-dog.cz","description":"Z\u00e1chrann\u00e1 kynologick\u00e1 stanice Pood\u0159\u00ed","potentialAction":[{"@type":"SearchAction","target":{"@type":"EntryPoint","urlTemplate":"http:\/\/rescue-dog.cz\/?s={search_term_string}"},"query-input":{"@type":"PropertyValueSpecification","valueRequired":true,"valueName":"search_term_string"}}],"inLanguage":"cs"},{"@type":"Person","@id":"http:\/\/rescue-dog.cz\/#\/schema\/person\/7f9e7c821a3d01df60ffb75390c85772","name":"Marek Dehner","image":{"@type":"ImageObject","inLanguage":"cs","@id":"http:\/\/rescue-dog.cz\/#\/schema\/person\/image\/","url":"https:\/\/secure.gravatar.com\/avatar\/924d7375fce6a8cda2dc6aaf9142f7beab91609786fc8e07396eeddc42fdabe8?s=96&d=mm&r=g","contentUrl":"https:\/\/secure.gravatar.com\/avatar\/924d7375fce6a8cda2dc6aaf9142f7beab91609786fc8e07396eeddc42fdabe8?s=96&d=mm&r=g","caption":"Marek Dehner"},"url":"http:\/\/rescue-dog.cz\/author\/marek-dehner\/"}]}},"_links":{"self":[{"href":"http:\/\/rescue-dog.cz\/wp-json\/wp\/v2\/posts\/729","targetHints":{"allow":["GET"]}}],"collection":[{"href":"http:\/\/rescue-dog.cz\/wp-json\/wp\/v2\/posts"}],"about":[{"href":"http:\/\/rescue-dog.cz\/wp-json\/wp\/v2\/types\/post"}],"author":[{"embeddable":true,"href":"http:\/\/rescue-dog.cz\/wp-json\/wp\/v2\/users\/2"}],"replies":[{"embeddable":true,"href":"http:\/\/rescue-dog.cz\/wp-json\/wp\/v2\/comments?post=729"}],"version-history":[{"count":1,"href":"http:\/\/rescue-dog.cz\/wp-json\/wp\/v2\/posts\/729\/revisions"}],"predecessor-version":[{"id":735,"href":"http:\/\/rescue-dog.cz\/wp-json\/wp\/v2\/posts\/729\/revisions\/735"}],"wp:featuredmedia":[{"embeddable":true,"href":"http:\/\/rescue-dog.cz\/wp-json\/wp\/v2\/media\/731"}],"wp:attachment":[{"href":"http:\/\/rescue-dog.cz\/wp-json\/wp\/v2\/media?parent=729"}],"wp:term":[{"taxonomy":"category","embeddable":true,"href":"http:\/\/rescue-dog.cz\/wp-json\/wp\/v2\/categories?post=729"},{"taxonomy":"post_tag","embeddable":true,"href":"http:\/\/rescue-dog.cz\/wp-json\/wp\/v2\/tags?post=729"}],"curies":[{"name":"wp","href":"https:\/\/api.w.org\/{rel}","templated":true}]}},{"id":723,"date":"2025-09-14T16:20:00","date_gmt":"2025-09-14T14:20:00","guid":{"rendered":"https:\/\/rescue-dog.cz\/?p=723"},"modified":"2026-01-14T16:37:06","modified_gmt":"2026-01-14T15:37:06","slug":"detsky-den-v-darkovicich","status":"publish","type":"post","link":"http:\/\/rescue-dog.cz\/detsky-den-v-darkovicich\/","title":{"rendered":"D\u011btsk\u00fd den v Darkovic\u00edch"},"content":{"rendered":"\n<p>Dne 13. z\u00e1\u0159\u00ed na\u0161i \u010dlenov\u00e9 ZKS Pood\u0159\u00ed se sv\u00fdmi chlupat\u00fdmi pomocn\u00edky d\u011blali radost d\u011btem na d\u011btsk\u00e9m dni v Darkovic\u00edch.<\/p>\n<p><!--more--><\/p>\n<p>Svou premi\u00e9ru si u\u017eil i n\u00e1\u0161 benjam\u00ednek Krys\u00edk a p\u0159edvedl vzorn\u011b aport. Nechyb\u011bl ani nestor na\u0161eho sboru Bentley, byl nejspokojen\u011bj\u0161\u00ed obklopen d\u011btmi, kter\u00e9 jej ne\u00fanavn\u011b hladily. Snad se n\u00e1m poda\u0159ilo d\u011btem a jejich rodi\u010d\u016fm zpest\u0159it jejich den a p\u0159ibl\u00ed\u017eit jim pr\u00e1ci z\u00e1chran\u00e1\u0159sk\u00fdch ps\u016f.<span class=\"html-span xexx8yu xyri2b x18d9i69 x1c1uobl x1hl2dhg x16tdsg8 x1vvkbs x3nfvp2 x1j61x8r x1fcty0u xdj266r xat24cr xm2jcoa x1mpyi22 xxymvpz xlup9mm x1kky2od\"><img loading=\"lazy\" decoding=\"async\" class=\"xz74otr x15mokao x1ga7v0g x16uus16 xbiv7yw\" src=\"https:\/\/static.xx.fbcdn.net\/images\/emoji.php\/v9\/t70\/1\/16\/1f415.png\" alt=\"\ud83d\udc15\" width=\"16\" height=\"16\"><\/span><span class=\"html-span xexx8yu xyri2b x18d9i69 x1c1uobl x1hl2dhg x16tdsg8 x1vvkbs x3nfvp2 x1j61x8r x1fcty0u xdj266r xat24cr xm2jcoa x1mpyi22 xxymvpz xlup9mm x1kky2od\"><img loading=\"lazy\" decoding=\"async\" class=\"xz74otr x15mokao x1ga7v0g x16uus16 xbiv7yw\" src=\"https:\/\/static.xx.fbcdn.net\/images\/emoji.php\/v9\/t6c\/1\/16\/1f499.png\" alt=\"\ud83d\udc99\" width=\"16\" height=\"16\"><\/span><\/p>\n<p><a href=\"http:\/\/rescue-dog.cz\/wp-content\/uploads\/2026\/01\/dd04.jpg\"><img loading=\"lazy\" decoding=\"async\" class=\"alignnone size-thumbnail wp-image-724\" src=\"http:\/\/rescue-dog.cz\/wp-content\/uploads\/2026\/01\/dd04-150x150.jpg\" alt=\"\" width=\"150\" height=\"150\"><\/a> <a href=\"http:\/\/rescue-dog.cz\/wp-content\/uploads\/2026\/01\/dd03.jpg\"><img loading=\"lazy\" decoding=\"async\" class=\"alignnone size-thumbnail wp-image-725\" src=\"http:\/\/rescue-dog.cz\/wp-content\/uploads\/2026\/01\/dd03-150x150.jpg\" alt=\"\" width=\"150\" height=\"150\"><\/a> <a href=\"http:\/\/rescue-dog.cz\/wp-content\/uploads\/2026\/01\/dd02.jpg\"><img loading=\"lazy\" decoding=\"async\" class=\"alignnone size-thumbnail wp-image-726\" src=\"http:\/\/rescue-dog.cz\/wp-content\/uploads\/2026\/01\/dd02-150x150.jpg\" alt=\"\" width=\"150\" height=\"150\"><\/a> <a href=\"http:\/\/rescue-dog.cz\/wp-content\/uploads\/2026\/01\/dd01.jpg\"><img loading=\"lazy\" decoding=\"async\" class=\"alignnone size-thumbnail wp-image-727\" src=\"http:\/\/rescue-dog.cz\/wp-content\/uploads\/2026\/01\/dd01-150x150.jpg\" alt=\"\" width=\"150\" height=\"150\"><\/a><\/p>\n<p class=\"bawpvc-ajax-counter\" data-id=\"723\">Zobrazeno: 8 kr\u00e1t<\/p><div class='watch-action'><div class='watch-position align-right'><div class='action-like'><a class='lbg-style3 like-723 jlk' href='javascript:void(0)' data-task='like' data-post_id='723' data-nonce='4ab0c834a3' rel='nofollow'><img class='wti-pixel' src='http:\/\/rescue-dog.cz\/wp-content\/plugins\/wti-like-post\/images\/pixel.gif' title='L\u00edb\u00ed' \/><span class='lc-723 lc'>0<\/span><\/a><\/div><div class='action-unlike'><a class='unlbg-style3 unlike-723 jlk' href='javascript:void(0)' data-task='unlike' data-post_id='723' data-nonce='4ab0c834a3' rel='nofollow'><img class='wti-pixel' src='http:\/\/rescue-dog.cz\/wp-content\/plugins\/wti-like-post\/images\/pixel.gif' title='Nel\u00edb\u00ed' \/><span class='unlc-723 unlc'>0<\/span><\/a><\/div> <\/div> <div class='status-723 status align-right'><\/div><\/div><div class='wti-clear'><\/div>","protected":false},"excerpt":{"rendered":"<p>Dne 13. z\u00e1\u0159\u00ed na\u0161i \u010dlenov\u00e9 ZKS Pood\u0159\u00ed se sv\u00fdmi chlupat\u00fdmi pomocn\u00edky d\u011blali radost d\u011btem na d\u011btsk\u00e9m dni v Darkovic\u00edch. Zobrazeno: 8 kr\u00e1t 0 0<\/p>\n","protected":false},"author":2,"featured_media":727,"comment_status":"closed","ping_status":"open","sticky":false,"template":"","format":"standard","meta":{"ngg_post_thumbnail":0,"footnotes":""},"categories":[4],"tags":[23],"class_list":["post-723","post","type-post","status-publish","format-standard","has-post-thumbnail","hentry","category-novinky","tag-ukazka"],"yoast_head":"<!-- This site is optimized with the Yoast SEO plugin v26.8 - https:\/\/yoast.com\/product\/yoast-seo-wordpress\/ -->\n<title>D\u011btsk\u00fd den v Darkovic\u00edch - rescue-dog.cz<\/title>\n<meta name=\"robots\" content=\"index, follow, max-snippet:-1, max-image-preview:large, max-video-preview:-1\" \/>\n<link rel=\"canonical\" href=\"http:\/\/rescue-dog.cz\/detsky-den-v-darkovicich\/\" \/>\n<meta property=\"og:locale\" content=\"cs_CZ\" \/>\n<meta property=\"og:type\" content=\"article\" \/>\n<meta property=\"og:title\" content=\"D\u011btsk\u00fd den v Darkovic\u00edch - rescue-dog.cz\" \/>\n<meta property=\"og:description\" content=\"Dne 13. z\u00e1\u0159\u00ed na\u0161i \u010dlenov\u00e9 ZKS Pood\u0159\u00ed se sv\u00fdmi chlupat\u00fdmi pomocn\u00edky d\u011blali radost d\u011btem na d\u011btsk\u00e9m dni v Darkovic\u00edch. Zobrazeno: 8 kr\u00e1t 0 0\" \/>\n<meta property=\"og:url\" content=\"http:\/\/rescue-dog.cz\/detsky-den-v-darkovicich\/\" \/>\n<meta property=\"og:site_name\" content=\"rescue-dog.cz\" \/>\n<meta property=\"article:published_time\" content=\"2025-09-14T14:20:00+00:00\" \/>\n<meta property=\"article:modified_time\" content=\"2026-01-14T15:37:06+00:00\" \/>\n<meta property=\"og:image\" content=\"http:\/\/rescue-dog.cz\/wp-content\/uploads\/2026\/01\/dd01.jpg\" \/>\n\t<meta property=\"og:image:width\" content=\"2048\" \/>\n\t<meta property=\"og:image:height\" content=\"1153\" \/>\n\t<meta property=\"og:image:type\" content=\"image\/jpeg\" \/>\n<meta name=\"author\" content=\"Marek Dehner\" \/>\n<meta name=\"twitter:card\" content=\"summary_large_image\" \/>\n<meta name=\"twitter:label1\" content=\"Napsal(a)\" \/>\n\t<meta name=\"twitter:data1\" content=\"Marek Dehner\" \/>\n\t<meta name=\"twitter:label2\" content=\"Odhadovan\u00e1 doba \u010dten\u00ed\" \/>\n\t<meta name=\"twitter:data2\" content=\"2 minuty\" \/>\n<script type=\"application\/ld+json\" class=\"yoast-schema-graph\">{\"@context\":\"https:\/\/schema.org\",\"@graph\":[{\"@type\":\"Article\",\"@id\":\"http:\/\/rescue-dog.cz\/detsky-den-v-darkovicich\/#article\",\"isPartOf\":{\"@id\":\"http:\/\/rescue-dog.cz\/detsky-den-v-darkovicich\/\"},\"author\":{\"name\":\"Marek Dehner\",\"@id\":\"http:\/\/rescue-dog.cz\/#\/schema\/person\/7f9e7c821a3d01df60ffb75390c85772\"},\"headline\":\"D\u011btsk\u00fd den v Darkovic\u00edch\",\"datePublished\":\"2025-09-14T14:20:00+00:00\",\"dateModified\":\"2026-01-14T15:37:06+00:00\",\"mainEntityOfPage\":{\"@id\":\"http:\/\/rescue-dog.cz\/detsky-den-v-darkovicich\/\"},\"wordCount\":97,\"image\":{\"@id\":\"http:\/\/rescue-dog.cz\/detsky-den-v-darkovicich\/#primaryimage\"},\"thumbnailUrl\":\"http:\/\/rescue-dog.cz\/wp-content\/uploads\/2026\/01\/dd01.jpg\",\"keywords\":[\"uk\u00e1zka\"],\"articleSection\":[\"Novinky\"],\"inLanguage\":\"cs\"},{\"@type\":\"WebPage\",\"@id\":\"http:\/\/rescue-dog.cz\/detsky-den-v-darkovicich\/\",\"url\":\"http:\/\/rescue-dog.cz\/detsky-den-v-darkovicich\/\",\"name\":\"D\u011btsk\u00fd den v Darkovic\u00edch - rescue-dog.cz\",\"isPartOf\":{\"@id\":\"http:\/\/rescue-dog.cz\/#website\"},\"primaryImageOfPage\":{\"@id\":\"http:\/\/rescue-dog.cz\/detsky-den-v-darkovicich\/#primaryimage\"},\"image\":{\"@id\":\"http:\/\/rescue-dog.cz\/detsky-den-v-darkovicich\/#primaryimage\"},\"thumbnailUrl\":\"http:\/\/rescue-dog.cz\/wp-content\/uploads\/2026\/01\/dd01.jpg\",\"datePublished\":\"2025-09-14T14:20:00+00:00\",\"dateModified\":\"2026-01-14T15:37:06+00:00\",\"author\":{\"@id\":\"http:\/\/rescue-dog.cz\/#\/schema\/person\/7f9e7c821a3d01df60ffb75390c85772\"},\"breadcrumb\":{\"@id\":\"http:\/\/rescue-dog.cz\/detsky-den-v-darkovicich\/#breadcrumb\"},\"inLanguage\":\"cs\",\"potentialAction\":[{\"@type\":\"ReadAction\",\"target\":[\"http:\/\/rescue-dog.cz\/detsky-den-v-darkovicich\/\"]}]},{\"@type\":\"ImageObject\",\"inLanguage\":\"cs\",\"@id\":\"http:\/\/rescue-dog.cz\/detsky-den-v-darkovicich\/#primaryimage\",\"url\":\"http:\/\/rescue-dog.cz\/wp-content\/uploads\/2026\/01\/dd01.jpg\",\"contentUrl\":\"http:\/\/rescue-dog.cz\/wp-content\/uploads\/2026\/01\/dd01.jpg\",\"width\":2048,\"height\":1153},{\"@type\":\"BreadcrumbList\",\"@id\":\"http:\/\/rescue-dog.cz\/detsky-den-v-darkovicich\/#breadcrumb\",\"itemListElement\":[{\"@type\":\"ListItem\",\"position\":1,\"name\":\"Dom\u016f\",\"item\":\"http:\/\/rescue-dog.cz\/\"},{\"@type\":\"ListItem\",\"position\":2,\"name\":\"D\u011btsk\u00fd den v Darkovic\u00edch\"}]},{\"@type\":\"WebSite\",\"@id\":\"http:\/\/rescue-dog.cz\/#website\",\"url\":\"http:\/\/rescue-dog.cz\/\",\"name\":\"rescue-dog.cz\",\"description\":\"Z\u00e1chrann\u00e1 kynologick\u00e1 stanice Pood\u0159\u00ed\",\"potentialAction\":[{\"@type\":\"SearchAction\",\"target\":{\"@type\":\"EntryPoint\",\"urlTemplate\":\"http:\/\/rescue-dog.cz\/?s={search_term_string}\"},\"query-input\":{\"@type\":\"PropertyValueSpecification\",\"valueRequired\":true,\"valueName\":\"search_term_string\"}}],\"inLanguage\":\"cs\"},{\"@type\":\"Person\",\"@id\":\"http:\/\/rescue-dog.cz\/#\/schema\/person\/7f9e7c821a3d01df60ffb75390c85772\",\"name\":\"Marek Dehner\",\"image\":{\"@type\":\"ImageObject\",\"inLanguage\":\"cs\",\"@id\":\"http:\/\/rescue-dog.cz\/#\/schema\/person\/image\/\",\"url\":\"https:\/\/secure.gravatar.com\/avatar\/924d7375fce6a8cda2dc6aaf9142f7beab91609786fc8e07396eeddc42fdabe8?s=96&d=mm&r=g\",\"contentUrl\":\"https:\/\/secure.gravatar.com\/avatar\/924d7375fce6a8cda2dc6aaf9142f7beab91609786fc8e07396eeddc42fdabe8?s=96&d=mm&r=g\",\"caption\":\"Marek Dehner\"},\"url\":\"http:\/\/rescue-dog.cz\/author\/marek-dehner\/\"}]}<\/script>\n<!-- \/ Yoast SEO plugin. -->","yoast_head_json":{"title":"D\u011btsk\u00fd den v Darkovic\u00edch - rescue-dog.cz","robots":{"index":"index","follow":"follow","max-snippet":"max-snippet:-1","max-image-preview":"max-image-preview:large","max-video-preview":"max-video-preview:-1"},"canonical":"http:\/\/rescue-dog.cz\/detsky-den-v-darkovicich\/","og_locale":"cs_CZ","og_type":"article","og_title":"D\u011btsk\u00fd den v Darkovic\u00edch - rescue-dog.cz","og_description":"Dne 13. z\u00e1\u0159\u00ed na\u0161i \u010dlenov\u00e9 ZKS Pood\u0159\u00ed se sv\u00fdmi chlupat\u00fdmi pomocn\u00edky d\u011blali radost d\u011btem na d\u011btsk\u00e9m dni v Darkovic\u00edch. Zobrazeno: 8 kr\u00e1t 0 0","og_url":"http:\/\/rescue-dog.cz\/detsky-den-v-darkovicich\/","og_site_name":"rescue-dog.cz","article_published_time":"2025-09-14T14:20:00+00:00","article_modified_time":"2026-01-14T15:37:06+00:00","og_image":[{"width":2048,"height":1153,"url":"http:\/\/rescue-dog.cz\/wp-content\/uploads\/2026\/01\/dd01.jpg","type":"image\/jpeg"}],"author":"Marek Dehner","twitter_card":"summary_large_image","twitter_misc":{"Napsal(a)":"Marek Dehner","Odhadovan\u00e1 doba \u010dten\u00ed":"2 minuty"},"schema":{"@context":"https:\/\/schema.org","@graph":[{"@type":"Article","@id":"http:\/\/rescue-dog.cz\/detsky-den-v-darkovicich\/#article","isPartOf":{"@id":"http:\/\/rescue-dog.cz\/detsky-den-v-darkovicich\/"},"author":{"name":"Marek Dehner","@id":"http:\/\/rescue-dog.cz\/#\/schema\/person\/7f9e7c821a3d01df60ffb75390c85772"},"headline":"D\u011btsk\u00fd den v Darkovic\u00edch","datePublished":"2025-09-14T14:20:00+00:00","dateModified":"2026-01-14T15:37:06+00:00","mainEntityOfPage":{"@id":"http:\/\/rescue-dog.cz\/detsky-den-v-darkovicich\/"},"wordCount":97,"image":{"@id":"http:\/\/rescue-dog.cz\/detsky-den-v-darkovicich\/#primaryimage"},"thumbnailUrl":"http:\/\/rescue-dog.cz\/wp-content\/uploads\/2026\/01\/dd01.jpg","keywords":["uk\u00e1zka"],"articleSection":["Novinky"],"inLanguage":"cs"},{"@type":"WebPage","@id":"http:\/\/rescue-dog.cz\/detsky-den-v-darkovicich\/","url":"http:\/\/rescue-dog.cz\/detsky-den-v-darkovicich\/","name":"D\u011btsk\u00fd den v Darkovic\u00edch - rescue-dog.cz","isPartOf":{"@id":"http:\/\/rescue-dog.cz\/#website"},"primaryImageOfPage":{"@id":"http:\/\/rescue-dog.cz\/detsky-den-v-darkovicich\/#primaryimage"},"image":{"@id":"http:\/\/rescue-dog.cz\/detsky-den-v-darkovicich\/#primaryimage"},"thumbnailUrl":"http:\/\/rescue-dog.cz\/wp-content\/uploads\/2026\/01\/dd01.jpg","datePublished":"2025-09-14T14:20:00+00:00","dateModified":"2026-01-14T15:37:06+00:00","author":{"@id":"http:\/\/rescue-dog.cz\/#\/schema\/person\/7f9e7c821a3d01df60ffb75390c85772"},"breadcrumb":{"@id":"http:\/\/rescue-dog.cz\/detsky-den-v-darkovicich\/#breadcrumb"},"inLanguage":"cs","potentialAction":[{"@type":"ReadAction","target":["http:\/\/rescue-dog.cz\/detsky-den-v-darkovicich\/"]}]},{"@type":"ImageObject","inLanguage":"cs","@id":"http:\/\/rescue-dog.cz\/detsky-den-v-darkovicich\/#primaryimage","url":"http:\/\/rescue-dog.cz\/wp-content\/uploads\/2026\/01\/dd01.jpg","contentUrl":"http:\/\/rescue-dog.cz\/wp-content\/uploads\/2026\/01\/dd01.jpg","width":2048,"height":1153},{"@type":"BreadcrumbList","@id":"http:\/\/rescue-dog.cz\/detsky-den-v-darkovicich\/#breadcrumb","itemListElement":[{"@type":"ListItem","position":1,"name":"Dom\u016f","item":"http:\/\/rescue-dog.cz\/"},{"@type":"ListItem","position":2,"name":"D\u011btsk\u00fd den v Darkovic\u00edch"}]},{"@type":"WebSite","@id":"http:\/\/rescue-dog.cz\/#website","url":"http:\/\/rescue-dog.cz\/","name":"rescue-dog.cz","description":"Z\u00e1chrann\u00e1 kynologick\u00e1 stanice Pood\u0159\u00ed","potentialAction":[{"@type":"SearchAction","target":{"@type":"EntryPoint","urlTemplate":"http:\/\/rescue-dog.cz\/?s={search_term_string}"},"query-input":{"@type":"PropertyValueSpecification","valueRequired":true,"valueName":"search_term_string"}}],"inLanguage":"cs"},{"@type":"Person","@id":"http:\/\/rescue-dog.cz\/#\/schema\/person\/7f9e7c821a3d01df60ffb75390c85772","name":"Marek Dehner","image":{"@type":"ImageObject","inLanguage":"cs","@id":"http:\/\/rescue-dog.cz\/#\/schema\/person\/image\/","url":"https:\/\/secure.gravatar.com\/avatar\/924d7375fce6a8cda2dc6aaf9142f7beab91609786fc8e07396eeddc42fdabe8?s=96&d=mm&r=g","contentUrl":"https:\/\/secure.gravatar.com\/avatar\/924d7375fce6a8cda2dc6aaf9142f7beab91609786fc8e07396eeddc42fdabe8?s=96&d=mm&r=g","caption":"Marek Dehner"},"url":"http:\/\/rescue-dog.cz\/author\/marek-dehner\/"}]}},"_links":{"self":[{"href":"http:\/\/rescue-dog.cz\/wp-json\/wp\/v2\/posts\/723","targetHints":{"allow":["GET"]}}],"collection":[{"href":"http:\/\/rescue-dog.cz\/wp-json\/wp\/v2\/posts"}],"about":[{"href":"http:\/\/rescue-dog.cz\/wp-json\/wp\/v2\/types\/post"}],"author":[{"embeddable":true,"href":"http:\/\/rescue-dog.cz\/wp-json\/wp\/v2\/users\/2"}],"replies":[{"embeddable":true,"href":"http:\/\/rescue-dog.cz\/wp-json\/wp\/v2\/comments?post=723"}],"version-history":[{"count":1,"href":"http:\/\/rescue-dog.cz\/wp-json\/wp\/v2\/posts\/723\/revisions"}],"predecessor-version":[{"id":728,"href":"http:\/\/rescue-dog.cz\/wp-json\/wp\/v2\/posts\/723\/revisions\/728"}],"wp:featuredmedia":[{"embeddable":true,"href":"http:\/\/rescue-dog.cz\/wp-json\/wp\/v2\/media\/727"}],"wp:attachment":[{"href":"http:\/\/rescue-dog.cz\/wp-json\/wp\/v2\/media?parent=723"}],"wp:term":[{"taxonomy":"category","embeddable":true,"href":"http:\/\/rescue-dog.cz\/wp-json\/wp\/v2\/categories?post=723"},{"taxonomy":"post_tag","embeddable":true,"href":"http:\/\/rescue-dog.cz\/wp-json\/wp\/v2\/tags?post=723"}],"curies":[{"name":"wp","href":"https:\/\/api.w.org\/{rel}","templated":true}]}},{"id":718,"date":"2025-08-24T16:18:00","date_gmt":"2025-08-24T14:18:00","guid":{"rendered":"https:\/\/rescue-dog.cz\/?p=718"},"modified":"2026-01-14T16:36:56","modified_gmt":"2026-01-14T15:36:56","slug":"treninkovy-vikend-v-polsku","status":"publish","type":"post","link":"http:\/\/rescue-dog.cz\/treninkovy-vikend-v-polsku\/","title":{"rendered":"Tr\u00e9ninkov\u00fd v\u00edkend v Polsku"},"content":{"rendered":"\n<p>\u201e\u2026 v rytmu diska, z d\u00e1lky, z bl\u00edzka, i v n\u00e1ru\u010d\u00ed, to v\u0161echno byly holky z na\u0161\u00ed \u0161kolky nejlep\u0161\u00ed\u2026\u201c, takto by se dal parafr\u00e1zovat prodlou\u017een\u00fd tr\u00e9ninkov\u00fd v\u00edkend na sutin\u011b u na\u0161ich p\u0159\u00e1tel z Jednostki Ratownictva Specjalisticznego OSP Skarbimierz.<\/p>\n<p><!--more--><\/p>\n<p>Na\u0161i chlupat\u00ed kluci a holky (z na\u0161\u00ed \u0161kolky) opravdu \u0161t\u011bkali z d\u00e1lky i z bl\u00edzka a z n\u011bkter\u00fdch \u00fakryt\u016f se skute\u010dn\u011b vyn\u00e1\u0161eli v n\u00e1ru\u010d\u00ed. Bez ohledu na rozmary po\u010das\u00ed, kter\u00e9 si s n\u00e1mi skute\u010dn\u011b p\u011bkn\u011b pohr\u00e1lo \u2013 vedro a pra\u0161no, pak zase siln\u00fd v\u00edtr, prudk\u00e9 ochlazen\u00ed i p\u00e1r de\u0161\u0165ov\u00fdch kapek, to byl na 100 procent vyu\u017eit\u00fd \u010das p\u0159i tr\u00e9ninku hled\u00e1n\u00ed v sutin\u011b, na stop\u00e1ch i p\u0159i n\u00e1cviku poslu\u0161nosti. A ve\u010der samoz\u0159ejm\u011b zbyl \u010das i na chvilku u ohn\u011b a \u0161pek\u00e1\u010dk\u016f.<br>Pod\u011bkov\u00e1n\u00ed pat\u0159\u00ed OSP Skarbimierz za poskytnut\u00ed z\u00e1zem\u00ed a tr\u00e9ninkov\u00e9 sutiny.<\/p>\n<p><a href=\"http:\/\/rescue-dog.cz\/wp-content\/uploads\/2026\/01\/s03.jpg\"><img loading=\"lazy\" decoding=\"async\" class=\"alignnone size-thumbnail wp-image-719\" src=\"http:\/\/rescue-dog.cz\/wp-content\/uploads\/2026\/01\/s03-150x150.jpg\" alt=\"\" width=\"150\" height=\"150\"><\/a> <a href=\"http:\/\/rescue-dog.cz\/wp-content\/uploads\/2026\/01\/s02.jpg\"><img loading=\"lazy\" decoding=\"async\" class=\"alignnone size-thumbnail wp-image-720\" src=\"http:\/\/rescue-dog.cz\/wp-content\/uploads\/2026\/01\/s02-150x150.jpg\" alt=\"\" width=\"150\" height=\"150\"><\/a> <a href=\"http:\/\/rescue-dog.cz\/wp-content\/uploads\/2026\/01\/s01.jpg\"><img loading=\"lazy\" decoding=\"async\" class=\"alignnone size-thumbnail wp-image-721\" src=\"http:\/\/rescue-dog.cz\/wp-content\/uploads\/2026\/01\/s01-150x150.jpg\" alt=\"\" width=\"150\" height=\"150\"><\/a><\/p>\n<p>&nbsp;<\/p>\n<p class=\"bawpvc-ajax-counter\" data-id=\"718\">Zobrazeno: 6 kr\u00e1t<\/p><div class='watch-action'><div class='watch-position align-right'><div class='action-like'><a class='lbg-style3 like-718 jlk' href='javascript:void(0)' data-task='like' data-post_id='718' data-nonce='4ab0c834a3' rel='nofollow'><img class='wti-pixel' src='http:\/\/rescue-dog.cz\/wp-content\/plugins\/wti-like-post\/images\/pixel.gif' title='L\u00edb\u00ed' \/><span class='lc-718 lc'>0<\/span><\/a><\/div><div class='action-unlike'><a class='unlbg-style3 unlike-718 jlk' href='javascript:void(0)' data-task='unlike' data-post_id='718' data-nonce='4ab0c834a3' rel='nofollow'><img class='wti-pixel' src='http:\/\/rescue-dog.cz\/wp-content\/plugins\/wti-like-post\/images\/pixel.gif' title='Nel\u00edb\u00ed' \/><span class='unlc-718 unlc'>0<\/span><\/a><\/div> <\/div> <div class='status-718 status align-right'><\/div><\/div><div class='wti-clear'><\/div>","protected":false},"excerpt":{"rendered":"<p>\u201e\u2026 v rytmu diska, z d\u00e1lky, z bl\u00edzka, i v n\u00e1ru\u010d\u00ed, to v\u0161echno byly holky z na\u0161\u00ed \u0161kolky nejlep\u0161\u00ed\u2026\u201c, takto by se dal parafr\u00e1zovat prodlou\u017een\u00fd tr\u00e9ninkov\u00fd v\u00edkend na sutin\u011b u na\u0161ich p\u0159\u00e1tel z Jednostki Ratownictva Specjalisticznego OSP Skarbimierz. Zobrazeno: 6 kr\u00e1t 0 0<\/p>\n","protected":false},"author":2,"featured_media":721,"comment_status":"closed","ping_status":"open","sticky":false,"template":"","format":"standard","meta":{"ngg_post_thumbnail":0,"footnotes":""},"categories":[4],"tags":[7],"class_list":["post-718","post","type-post","status-publish","format-standard","has-post-thumbnail","hentry","category-novinky","tag-vycvik"],"yoast_head":"<!-- This site is optimized with the Yoast SEO plugin v26.8 - https:\/\/yoast.com\/product\/yoast-seo-wordpress\/ -->\n<title>Tr\u00e9ninkov\u00fd v\u00edkend v Polsku - rescue-dog.cz<\/title>\n<meta name=\"robots\" content=\"index, follow, max-snippet:-1, max-image-preview:large, max-video-preview:-1\" \/>\n<link rel=\"canonical\" href=\"http:\/\/rescue-dog.cz\/treninkovy-vikend-v-polsku\/\" \/>\n<meta property=\"og:locale\" content=\"cs_CZ\" \/>\n<meta property=\"og:type\" content=\"article\" \/>\n<meta property=\"og:title\" content=\"Tr\u00e9ninkov\u00fd v\u00edkend v Polsku - rescue-dog.cz\" \/>\n<meta property=\"og:description\" content=\"\u201e\u2026 v rytmu diska, z d\u00e1lky, z bl\u00edzka, i v n\u00e1ru\u010d\u00ed, to v\u0161echno byly holky z na\u0161\u00ed \u0161kolky nejlep\u0161\u00ed\u2026\u201c, takto by se dal parafr\u00e1zovat prodlou\u017een\u00fd tr\u00e9ninkov\u00fd v\u00edkend na sutin\u011b u na\u0161ich p\u0159\u00e1tel z Jednostki Ratownictva Specjalisticznego OSP Skarbimierz. Zobrazeno: 6 kr\u00e1t 0 0\" \/>\n<meta property=\"og:url\" content=\"http:\/\/rescue-dog.cz\/treninkovy-vikend-v-polsku\/\" \/>\n<meta property=\"og:site_name\" content=\"rescue-dog.cz\" \/>\n<meta property=\"article:published_time\" content=\"2025-08-24T14:18:00+00:00\" \/>\n<meta property=\"article:modified_time\" content=\"2026-01-14T15:36:56+00:00\" \/>\n<meta property=\"og:image\" content=\"http:\/\/rescue-dog.cz\/wp-content\/uploads\/2026\/01\/s01.jpg\" \/>\n\t<meta property=\"og:image:width\" content=\"1600\" \/>\n\t<meta property=\"og:image:height\" content=\"1200\" \/>\n\t<meta property=\"og:image:type\" content=\"image\/jpeg\" \/>\n<meta name=\"author\" content=\"Marek Dehner\" \/>\n<meta name=\"twitter:card\" content=\"summary_large_image\" \/>\n<meta name=\"twitter:label1\" content=\"Napsal(a)\" \/>\n\t<meta name=\"twitter:data1\" content=\"Marek Dehner\" \/>\n\t<meta name=\"twitter:label2\" content=\"Odhadovan\u00e1 doba \u010dten\u00ed\" \/>\n\t<meta name=\"twitter:data2\" content=\"2 minuty\" \/>\n<script type=\"application\/ld+json\" class=\"yoast-schema-graph\">{\"@context\":\"https:\/\/schema.org\",\"@graph\":[{\"@type\":\"Article\",\"@id\":\"http:\/\/rescue-dog.cz\/treninkovy-vikend-v-polsku\/#article\",\"isPartOf\":{\"@id\":\"http:\/\/rescue-dog.cz\/treninkovy-vikend-v-polsku\/\"},\"author\":{\"name\":\"Marek Dehner\",\"@id\":\"http:\/\/rescue-dog.cz\/#\/schema\/person\/7f9e7c821a3d01df60ffb75390c85772\"},\"headline\":\"Tr\u00e9ninkov\u00fd v\u00edkend v Polsku\",\"datePublished\":\"2025-08-24T14:18:00+00:00\",\"dateModified\":\"2026-01-14T15:36:56+00:00\",\"mainEntityOfPage\":{\"@id\":\"http:\/\/rescue-dog.cz\/treninkovy-vikend-v-polsku\/\"},\"wordCount\":176,\"image\":{\"@id\":\"http:\/\/rescue-dog.cz\/treninkovy-vikend-v-polsku\/#primaryimage\"},\"thumbnailUrl\":\"http:\/\/rescue-dog.cz\/wp-content\/uploads\/2026\/01\/s01.jpg\",\"keywords\":[\"v\u00fdcvik\"],\"articleSection\":[\"Novinky\"],\"inLanguage\":\"cs\"},{\"@type\":\"WebPage\",\"@id\":\"http:\/\/rescue-dog.cz\/treninkovy-vikend-v-polsku\/\",\"url\":\"http:\/\/rescue-dog.cz\/treninkovy-vikend-v-polsku\/\",\"name\":\"Tr\u00e9ninkov\u00fd v\u00edkend v Polsku - rescue-dog.cz\",\"isPartOf\":{\"@id\":\"http:\/\/rescue-dog.cz\/#website\"},\"primaryImageOfPage\":{\"@id\":\"http:\/\/rescue-dog.cz\/treninkovy-vikend-v-polsku\/#primaryimage\"},\"image\":{\"@id\":\"http:\/\/rescue-dog.cz\/treninkovy-vikend-v-polsku\/#primaryimage\"},\"thumbnailUrl\":\"http:\/\/rescue-dog.cz\/wp-content\/uploads\/2026\/01\/s01.jpg\",\"datePublished\":\"2025-08-24T14:18:00+00:00\",\"dateModified\":\"2026-01-14T15:36:56+00:00\",\"author\":{\"@id\":\"http:\/\/rescue-dog.cz\/#\/schema\/person\/7f9e7c821a3d01df60ffb75390c85772\"},\"breadcrumb\":{\"@id\":\"http:\/\/rescue-dog.cz\/treninkovy-vikend-v-polsku\/#breadcrumb\"},\"inLanguage\":\"cs\",\"potentialAction\":[{\"@type\":\"ReadAction\",\"target\":[\"http:\/\/rescue-dog.cz\/treninkovy-vikend-v-polsku\/\"]}]},{\"@type\":\"ImageObject\",\"inLanguage\":\"cs\",\"@id\":\"http:\/\/rescue-dog.cz\/treninkovy-vikend-v-polsku\/#primaryimage\",\"url\":\"http:\/\/rescue-dog.cz\/wp-content\/uploads\/2026\/01\/s01.jpg\",\"contentUrl\":\"http:\/\/rescue-dog.cz\/wp-content\/uploads\/2026\/01\/s01.jpg\",\"width\":1600,\"height\":1200},{\"@type\":\"BreadcrumbList\",\"@id\":\"http:\/\/rescue-dog.cz\/treninkovy-vikend-v-polsku\/#breadcrumb\",\"itemListElement\":[{\"@type\":\"ListItem\",\"position\":1,\"name\":\"Dom\u016f\",\"item\":\"http:\/\/rescue-dog.cz\/\"},{\"@type\":\"ListItem\",\"position\":2,\"name\":\"Tr\u00e9ninkov\u00fd v\u00edkend v Polsku\"}]},{\"@type\":\"WebSite\",\"@id\":\"http:\/\/rescue-dog.cz\/#website\",\"url\":\"http:\/\/rescue-dog.cz\/\",\"name\":\"rescue-dog.cz\",\"description\":\"Z\u00e1chrann\u00e1 kynologick\u00e1 stanice Pood\u0159\u00ed\",\"potentialAction\":[{\"@type\":\"SearchAction\",\"target\":{\"@type\":\"EntryPoint\",\"urlTemplate\":\"http:\/\/rescue-dog.cz\/?s={search_term_string}\"},\"query-input\":{\"@type\":\"PropertyValueSpecification\",\"valueRequired\":true,\"valueName\":\"search_term_string\"}}],\"inLanguage\":\"cs\"},{\"@type\":\"Person\",\"@id\":\"http:\/\/rescue-dog.cz\/#\/schema\/person\/7f9e7c821a3d01df60ffb75390c85772\",\"name\":\"Marek Dehner\",\"image\":{\"@type\":\"ImageObject\",\"inLanguage\":\"cs\",\"@id\":\"http:\/\/rescue-dog.cz\/#\/schema\/person\/image\/\",\"url\":\"https:\/\/secure.gravatar.com\/avatar\/924d7375fce6a8cda2dc6aaf9142f7beab91609786fc8e07396eeddc42fdabe8?s=96&d=mm&r=g\",\"contentUrl\":\"https:\/\/secure.gravatar.com\/avatar\/924d7375fce6a8cda2dc6aaf9142f7beab91609786fc8e07396eeddc42fdabe8?s=96&d=mm&r=g\",\"caption\":\"Marek Dehner\"},\"url\":\"http:\/\/rescue-dog.cz\/author\/marek-dehner\/\"}]}<\/script>\n<!-- \/ Yoast SEO plugin. -->","yoast_head_json":{"title":"Tr\u00e9ninkov\u00fd v\u00edkend v Polsku - rescue-dog.cz","robots":{"index":"index","follow":"follow","max-snippet":"max-snippet:-1","max-image-preview":"max-image-preview:large","max-video-preview":"max-video-preview:-1"},"canonical":"http:\/\/rescue-dog.cz\/treninkovy-vikend-v-polsku\/","og_locale":"cs_CZ","og_type":"article","og_title":"Tr\u00e9ninkov\u00fd v\u00edkend v Polsku - rescue-dog.cz","og_description":"\u201e\u2026 v rytmu diska, z d\u00e1lky, z bl\u00edzka, i v n\u00e1ru\u010d\u00ed, to v\u0161echno byly holky z na\u0161\u00ed \u0161kolky nejlep\u0161\u00ed\u2026\u201c, takto by se dal parafr\u00e1zovat prodlou\u017een\u00fd tr\u00e9ninkov\u00fd v\u00edkend na sutin\u011b u na\u0161ich p\u0159\u00e1tel z Jednostki Ratownictva Specjalisticznego OSP Skarbimierz. Zobrazeno: 6 kr\u00e1t 0 0","og_url":"http:\/\/rescue-dog.cz\/treninkovy-vikend-v-polsku\/","og_site_name":"rescue-dog.cz","article_published_time":"2025-08-24T14:18:00+00:00","article_modified_time":"2026-01-14T15:36:56+00:00","og_image":[{"width":1600,"height":1200,"url":"http:\/\/rescue-dog.cz\/wp-content\/uploads\/2026\/01\/s01.jpg","type":"image\/jpeg"}],"author":"Marek Dehner","twitter_card":"summary_large_image","twitter_misc":{"Napsal(a)":"Marek Dehner","Odhadovan\u00e1 doba \u010dten\u00ed":"2 minuty"},"schema":{"@context":"https:\/\/schema.org","@graph":[{"@type":"Article","@id":"http:\/\/rescue-dog.cz\/treninkovy-vikend-v-polsku\/#article","isPartOf":{"@id":"http:\/\/rescue-dog.cz\/treninkovy-vikend-v-polsku\/"},"author":{"name":"Marek Dehner","@id":"http:\/\/rescue-dog.cz\/#\/schema\/person\/7f9e7c821a3d01df60ffb75390c85772"},"headline":"Tr\u00e9ninkov\u00fd v\u00edkend v Polsku","datePublished":"2025-08-24T14:18:00+00:00","dateModified":"2026-01-14T15:36:56+00:00","mainEntityOfPage":{"@id":"http:\/\/rescue-dog.cz\/treninkovy-vikend-v-polsku\/"},"wordCount":176,"image":{"@id":"http:\/\/rescue-dog.cz\/treninkovy-vikend-v-polsku\/#primaryimage"},"thumbnailUrl":"http:\/\/rescue-dog.cz\/wp-content\/uploads\/2026\/01\/s01.jpg","keywords":["v\u00fdcvik"],"articleSection":["Novinky"],"inLanguage":"cs"},{"@type":"WebPage","@id":"http:\/\/rescue-dog.cz\/treninkovy-vikend-v-polsku\/","url":"http:\/\/rescue-dog.cz\/treninkovy-vikend-v-polsku\/","name":"Tr\u00e9ninkov\u00fd v\u00edkend v Polsku - rescue-dog.cz","isPartOf":{"@id":"http:\/\/rescue-dog.cz\/#website"},"primaryImageOfPage":{"@id":"http:\/\/rescue-dog.cz\/treninkovy-vikend-v-polsku\/#primaryimage"},"image":{"@id":"http:\/\/rescue-dog.cz\/treninkovy-vikend-v-polsku\/#primaryimage"},"thumbnailUrl":"http:\/\/rescue-dog.cz\/wp-content\/uploads\/2026\/01\/s01.jpg","datePublished":"2025-08-24T14:18:00+00:00","dateModified":"2026-01-14T15:36:56+00:00","author":{"@id":"http:\/\/rescue-dog.cz\/#\/schema\/person\/7f9e7c821a3d01df60ffb75390c85772"},"breadcrumb":{"@id":"http:\/\/rescue-dog.cz\/treninkovy-vikend-v-polsku\/#breadcrumb"},"inLanguage":"cs","potentialAction":[{"@type":"ReadAction","target":["http:\/\/rescue-dog.cz\/treninkovy-vikend-v-polsku\/"]}]},{"@type":"ImageObject","inLanguage":"cs","@id":"http:\/\/rescue-dog.cz\/treninkovy-vikend-v-polsku\/#primaryimage","url":"http:\/\/rescue-dog.cz\/wp-content\/uploads\/2026\/01\/s01.jpg","contentUrl":"http:\/\/rescue-dog.cz\/wp-content\/uploads\/2026\/01\/s01.jpg","width":1600,"height":1200},{"@type":"BreadcrumbList","@id":"http:\/\/rescue-dog.cz\/treninkovy-vikend-v-polsku\/#breadcrumb","itemListElement":[{"@type":"ListItem","position":1,"name":"Dom\u016f","item":"http:\/\/rescue-dog.cz\/"},{"@type":"ListItem","position":2,"name":"Tr\u00e9ninkov\u00fd v\u00edkend v Polsku"}]},{"@type":"WebSite","@id":"http:\/\/rescue-dog.cz\/#website","url":"http:\/\/rescue-dog.cz\/","name":"rescue-dog.cz","description":"Z\u00e1chrann\u00e1 kynologick\u00e1 stanice Pood\u0159\u00ed","potentialAction":[{"@type":"SearchAction","target":{"@type":"EntryPoint","urlTemplate":"http:\/\/rescue-dog.cz\/?s={search_term_string}"},"query-input":{"@type":"PropertyValueSpecification","valueRequired":true,"valueName":"search_term_string"}}],"inLanguage":"cs"},{"@type":"Person","@id":"http:\/\/rescue-dog.cz\/#\/schema\/person\/7f9e7c821a3d01df60ffb75390c85772","name":"Marek Dehner","image":{"@type":"ImageObject","inLanguage":"cs","@id":"http:\/\/rescue-dog.cz\/#\/schema\/person\/image\/","url":"https:\/\/secure.gravatar.com\/avatar\/924d7375fce6a8cda2dc6aaf9142f7beab91609786fc8e07396eeddc42fdabe8?s=96&d=mm&r=g","contentUrl":"https:\/\/secure.gravatar.com\/avatar\/924d7375fce6a8cda2dc6aaf9142f7beab91609786fc8e07396eeddc42fdabe8?s=96&d=mm&r=g","caption":"Marek Dehner"},"url":"http:\/\/rescue-dog.cz\/author\/marek-dehner\/"}]}},"_links":{"self":[{"href":"http:\/\/rescue-dog.cz\/wp-json\/wp\/v2\/posts\/718","targetHints":{"allow":["GET"]}}],"collection":[{"href":"http:\/\/rescue-dog.cz\/wp-json\/wp\/v2\/posts"}],"about":[{"href":"http:\/\/rescue-dog.cz\/wp-json\/wp\/v2\/types\/post"}],"author":[{"embeddable":true,"href":"http:\/\/rescue-dog.cz\/wp-json\/wp\/v2\/users\/2"}],"replies":[{"embeddable":true,"href":"http:\/\/rescue-dog.cz\/wp-json\/wp\/v2\/comments?post=718"}],"version-history":[{"count":1,"href":"http:\/\/rescue-dog.cz\/wp-json\/wp\/v2\/posts\/718\/revisions"}],"predecessor-version":[{"id":722,"href":"http:\/\/rescue-dog.cz\/wp-json\/wp\/v2\/posts\/718\/revisions\/722"}],"wp:featuredmedia":[{"embeddable":true,"href":"http:\/\/rescue-dog.cz\/wp-json\/wp\/v2\/media\/721"}],"wp:attachment":[{"href":"http:\/\/rescue-dog.cz\/wp-json\/wp\/v2\/media?parent=718"}],"wp:term":[{"taxonomy":"category","embeddable":true,"href":"http:\/\/rescue-dog.cz\/wp-json\/wp\/v2\/categories?post=718"},{"taxonomy":"post_tag","embeddable":true,"href":"http:\/\/rescue-dog.cz\/wp-json\/wp\/v2\/tags?post=718"}],"curies":[{"name":"wp","href":"https:\/\/api.w.org\/{rel}","templated":true}]}},{"id":702,"date":"2025-06-22T16:10:00","date_gmt":"2025-06-22T14:10:00","guid":{"rendered":"https:\/\/rescue-dog.cz\/?p=702"},"modified":"2026-01-14T20:58:12","modified_gmt":"2026-01-14T19:58:12","slug":"memorial-oldy-dvoroka-2025","status":"publish","type":"post","link":"http:\/\/rescue-dog.cz\/memorial-oldy-dvoroka-2025\/","title":{"rendered":"Memori\u00e1l Oldy Dvoroka 2025"},"content":{"rendered":"\n\n\n<p dir=\"ltr\">Ve sobotu 21.6.2025 se dva \u010dlenov\u00e9 na\u0161eho pobo\u010dn\u00e9ho spolku (Marek Dehner a Kate\u0159ina Honusov\u00e1) se sv\u00fdmi par\u0165\u00e1ky z\u00fa\u010dastnili praktick\u00e9ho z\u00e1vodu z\u00e1chrann\u00fdch ps\u016f Memori\u00e1l Oldy Dvoroka 2025. Jejich t\u00fdm se um\u00edstil v siln\u00e9 konkurenci na kr\u00e1sn\u00e9m 5. m\u00edst\u011b.<\/p>\n<p dir=\"ltr\">D\u011bkujeme za reprezentaci na\u0161eho spolku.<\/p>\n<p dir=\"ltr\"><!--more--><\/p>\n<p dir=\"ltr\"><a href=\"http:\/\/rescue-dog.cz\/wp-content\/uploads\/2025\/06\/mod04-1-scaled.jpg\"><img loading=\"lazy\" decoding=\"async\" class=\"alignnone size-thumbnail wp-image-708\" src=\"http:\/\/rescue-dog.cz\/wp-content\/uploads\/2025\/06\/mod04-1-150x150.jpg\" alt=\"\" width=\"150\" height=\"150\"><\/a> <a href=\"http:\/\/rescue-dog.cz\/wp-content\/uploads\/2025\/06\/mod03-1-scaled.jpg\"><img loading=\"lazy\" decoding=\"async\" class=\"alignnone size-thumbnail wp-image-709\" src=\"http:\/\/rescue-dog.cz\/wp-content\/uploads\/2025\/06\/mod03-1-150x150.jpg\" alt=\"\" width=\"150\" height=\"150\"><\/a> <a href=\"http:\/\/rescue-dog.cz\/wp-content\/uploads\/2025\/06\/mod02-1-scaled.jpg\"><img loading=\"lazy\" decoding=\"async\" class=\"alignnone size-thumbnail wp-image-710\" src=\"http:\/\/rescue-dog.cz\/wp-content\/uploads\/2025\/06\/mod02-1-150x150.jpg\" alt=\"\" width=\"150\" height=\"150\"><\/a> <a href=\"http:\/\/rescue-dog.cz\/wp-content\/uploads\/2025\/06\/mod01-1-scaled.jpg\"><img loading=\"lazy\" decoding=\"async\" class=\"alignnone size-thumbnail wp-image-711\" src=\"http:\/\/rescue-dog.cz\/wp-content\/uploads\/2025\/06\/mod01-1-150x150.jpg\" alt=\"\" width=\"150\" height=\"150\"><\/a><\/p>\n<p class=\"bawpvc-ajax-counter\" data-id=\"702\">Zobrazeno: 10 kr\u00e1t<\/p><div class='watch-action'><div class='watch-position align-right'><div class='action-like'><a class='lbg-style3 like-702 jlk' href='javascript:void(0)' data-task='like' data-post_id='702' data-nonce='4ab0c834a3' rel='nofollow'><img class='wti-pixel' src='http:\/\/rescue-dog.cz\/wp-content\/plugins\/wti-like-post\/images\/pixel.gif' title='L\u00edb\u00ed' \/><span class='lc-702 lc'>0<\/span><\/a><\/div><div class='action-unlike'><a class='unlbg-style3 unlike-702 jlk' href='javascript:void(0)' data-task='unlike' data-post_id='702' data-nonce='4ab0c834a3' rel='nofollow'><img class='wti-pixel' src='http:\/\/rescue-dog.cz\/wp-content\/plugins\/wti-like-post\/images\/pixel.gif' title='Nel\u00edb\u00ed' \/><span class='unlc-702 unlc'>0<\/span><\/a><\/div> <\/div> <div class='status-702 status align-right'><\/div><\/div><div class='wti-clear'><\/div>","protected":false},"excerpt":{"rendered":"<p>Ve sobotu 21.6.2025 se dva \u010dlenov\u00e9 na\u0161eho pobo\u010dn\u00e9ho spolku (Marek Dehner a Kate\u0159ina Honusov\u00e1) se sv\u00fdmi par\u0165\u00e1ky z\u00fa\u010dastnili praktick\u00e9ho z\u00e1vodu z\u00e1chrann\u00fdch ps\u016f Memori\u00e1l Oldy Dvoroka 2025. Jejich t\u00fdm se um\u00edstil v siln\u00e9 konkurenci na kr\u00e1sn\u00e9m 5. m\u00edst\u011b. D\u011bkujeme za reprezentaci na\u0161eho spolku. Zobrazeno: 10 kr\u00e1t 0 0<\/p>\n","protected":false},"author":2,"featured_media":706,"comment_status":"closed","ping_status":"open","sticky":false,"template":"","format":"standard","meta":{"ngg_post_thumbnail":0,"footnotes":""},"categories":[4],"tags":[20],"class_list":["post-702","post","type-post","status-publish","format-standard","has-post-thumbnail","hentry","category-novinky","tag-zavod"],"yoast_head":"<!-- This site is optimized with the Yoast SEO plugin v26.8 - https:\/\/yoast.com\/product\/yoast-seo-wordpress\/ -->\n<title>Memori\u00e1l Oldy Dvoroka 2025 - rescue-dog.cz<\/title>\n<meta name=\"robots\" content=\"index, follow, max-snippet:-1, max-image-preview:large, max-video-preview:-1\" \/>\n<link rel=\"canonical\" href=\"http:\/\/rescue-dog.cz\/memorial-oldy-dvoroka-2025\/\" \/>\n<meta property=\"og:locale\" content=\"cs_CZ\" \/>\n<meta property=\"og:type\" content=\"article\" \/>\n<meta property=\"og:title\" content=\"Memori\u00e1l Oldy Dvoroka 2025 - rescue-dog.cz\" \/>\n<meta property=\"og:description\" content=\"Ve sobotu 21.6.2025 se dva \u010dlenov\u00e9 na\u0161eho pobo\u010dn\u00e9ho spolku (Marek Dehner a Kate\u0159ina Honusov\u00e1) se sv\u00fdmi par\u0165\u00e1ky z\u00fa\u010dastnili praktick\u00e9ho z\u00e1vodu z\u00e1chrann\u00fdch ps\u016f Memori\u00e1l Oldy Dvoroka 2025. Jejich t\u00fdm se um\u00edstil v siln\u00e9 konkurenci na kr\u00e1sn\u00e9m 5. m\u00edst\u011b. D\u011bkujeme za reprezentaci na\u0161eho spolku. Zobrazeno: 10 kr\u00e1t 0 0\" \/>\n<meta property=\"og:url\" content=\"http:\/\/rescue-dog.cz\/memorial-oldy-dvoroka-2025\/\" \/>\n<meta property=\"og:site_name\" content=\"rescue-dog.cz\" \/>\n<meta property=\"article:published_time\" content=\"2025-06-22T14:10:00+00:00\" \/>\n<meta property=\"article:modified_time\" content=\"2026-01-14T19:58:12+00:00\" \/>\n<meta property=\"og:image\" content=\"http:\/\/rescue-dog.cz\/wp-content\/uploads\/2025\/06\/mod04-scaled.jpg\" \/>\n\t<meta property=\"og:image:width\" content=\"2560\" \/>\n\t<meta property=\"og:image:height\" content=\"1707\" \/>\n\t<meta property=\"og:image:type\" content=\"image\/jpeg\" \/>\n<meta name=\"author\" content=\"Marek Dehner\" \/>\n<meta name=\"twitter:card\" content=\"summary_large_image\" \/>\n<meta name=\"twitter:label1\" content=\"Napsal(a)\" \/>\n\t<meta name=\"twitter:data1\" content=\"Marek Dehner\" \/>\n\t<meta name=\"twitter:label2\" content=\"Odhadovan\u00e1 doba \u010dten\u00ed\" \/>\n\t<meta name=\"twitter:data2\" content=\"2 minuty\" \/>\n<script type=\"application\/ld+json\" class=\"yoast-schema-graph\">{\"@context\":\"https:\/\/schema.org\",\"@graph\":[{\"@type\":\"Article\",\"@id\":\"http:\/\/rescue-dog.cz\/memorial-oldy-dvoroka-2025\/#article\",\"isPartOf\":{\"@id\":\"http:\/\/rescue-dog.cz\/memorial-oldy-dvoroka-2025\/\"},\"author\":{\"name\":\"Marek Dehner\",\"@id\":\"http:\/\/rescue-dog.cz\/#\/schema\/person\/7f9e7c821a3d01df60ffb75390c85772\"},\"headline\":\"Memori\u00e1l Oldy Dvoroka 2025\",\"datePublished\":\"2025-06-22T14:10:00+00:00\",\"dateModified\":\"2026-01-14T19:58:12+00:00\",\"mainEntityOfPage\":{\"@id\":\"http:\/\/rescue-dog.cz\/memorial-oldy-dvoroka-2025\/\"},\"wordCount\":62,\"image\":{\"@id\":\"http:\/\/rescue-dog.cz\/memorial-oldy-dvoroka-2025\/#primaryimage\"},\"thumbnailUrl\":\"http:\/\/rescue-dog.cz\/wp-content\/uploads\/2025\/06\/mod04-scaled.jpg\",\"keywords\":[\"z\u00e1vod\"],\"articleSection\":[\"Novinky\"],\"inLanguage\":\"cs\"},{\"@type\":\"WebPage\",\"@id\":\"http:\/\/rescue-dog.cz\/memorial-oldy-dvoroka-2025\/\",\"url\":\"http:\/\/rescue-dog.cz\/memorial-oldy-dvoroka-2025\/\",\"name\":\"Memori\u00e1l Oldy Dvoroka 2025 - rescue-dog.cz\",\"isPartOf\":{\"@id\":\"http:\/\/rescue-dog.cz\/#website\"},\"primaryImageOfPage\":{\"@id\":\"http:\/\/rescue-dog.cz\/memorial-oldy-dvoroka-2025\/#primaryimage\"},\"image\":{\"@id\":\"http:\/\/rescue-dog.cz\/memorial-oldy-dvoroka-2025\/#primaryimage\"},\"thumbnailUrl\":\"http:\/\/rescue-dog.cz\/wp-content\/uploads\/2025\/06\/mod04-scaled.jpg\",\"datePublished\":\"2025-06-22T14:10:00+00:00\",\"dateModified\":\"2026-01-14T19:58:12+00:00\",\"author\":{\"@id\":\"http:\/\/rescue-dog.cz\/#\/schema\/person\/7f9e7c821a3d01df60ffb75390c85772\"},\"breadcrumb\":{\"@id\":\"http:\/\/rescue-dog.cz\/memorial-oldy-dvoroka-2025\/#breadcrumb\"},\"inLanguage\":\"cs\",\"potentialAction\":[{\"@type\":\"ReadAction\",\"target\":[\"http:\/\/rescue-dog.cz\/memorial-oldy-dvoroka-2025\/\"]}]},{\"@type\":\"ImageObject\",\"inLanguage\":\"cs\",\"@id\":\"http:\/\/rescue-dog.cz\/memorial-oldy-dvoroka-2025\/#primaryimage\",\"url\":\"http:\/\/rescue-dog.cz\/wp-content\/uploads\/2025\/06\/mod04-scaled.jpg\",\"contentUrl\":\"http:\/\/rescue-dog.cz\/wp-content\/uploads\/2025\/06\/mod04-scaled.jpg\",\"width\":2560,\"height\":1707},{\"@type\":\"BreadcrumbList\",\"@id\":\"http:\/\/rescue-dog.cz\/memorial-oldy-dvoroka-2025\/#breadcrumb\",\"itemListElement\":[{\"@type\":\"ListItem\",\"position\":1,\"name\":\"Dom\u016f\",\"item\":\"http:\/\/rescue-dog.cz\/\"},{\"@type\":\"ListItem\",\"position\":2,\"name\":\"Memori\u00e1l Oldy Dvoroka 2025\"}]},{\"@type\":\"WebSite\",\"@id\":\"http:\/\/rescue-dog.cz\/#website\",\"url\":\"http:\/\/rescue-dog.cz\/\",\"name\":\"rescue-dog.cz\",\"description\":\"Z\u00e1chrann\u00e1 kynologick\u00e1 stanice Pood\u0159\u00ed\",\"potentialAction\":[{\"@type\":\"SearchAction\",\"target\":{\"@type\":\"EntryPoint\",\"urlTemplate\":\"http:\/\/rescue-dog.cz\/?s={search_term_string}\"},\"query-input\":{\"@type\":\"PropertyValueSpecification\",\"valueRequired\":true,\"valueName\":\"search_term_string\"}}],\"inLanguage\":\"cs\"},{\"@type\":\"Person\",\"@id\":\"http:\/\/rescue-dog.cz\/#\/schema\/person\/7f9e7c821a3d01df60ffb75390c85772\",\"name\":\"Marek Dehner\",\"image\":{\"@type\":\"ImageObject\",\"inLanguage\":\"cs\",\"@id\":\"http:\/\/rescue-dog.cz\/#\/schema\/person\/image\/\",\"url\":\"https:\/\/secure.gravatar.com\/avatar\/924d7375fce6a8cda2dc6aaf9142f7beab91609786fc8e07396eeddc42fdabe8?s=96&d=mm&r=g\",\"contentUrl\":\"https:\/\/secure.gravatar.com\/avatar\/924d7375fce6a8cda2dc6aaf9142f7beab91609786fc8e07396eeddc42fdabe8?s=96&d=mm&r=g\",\"caption\":\"Marek Dehner\"},\"url\":\"http:\/\/rescue-dog.cz\/author\/marek-dehner\/\"}]}<\/script>\n<!-- \/ Yoast SEO plugin. -->","yoast_head_json":{"title":"Memori\u00e1l Oldy Dvoroka 2025 - rescue-dog.cz","robots":{"index":"index","follow":"follow","max-snippet":"max-snippet:-1","max-image-preview":"max-image-preview:large","max-video-preview":"max-video-preview:-1"},"canonical":"http:\/\/rescue-dog.cz\/memorial-oldy-dvoroka-2025\/","og_locale":"cs_CZ","og_type":"article","og_title":"Memori\u00e1l Oldy Dvoroka 2025 - rescue-dog.cz","og_description":"Ve sobotu 21.6.2025 se dva \u010dlenov\u00e9 na\u0161eho pobo\u010dn\u00e9ho spolku (Marek Dehner a Kate\u0159ina Honusov\u00e1) se sv\u00fdmi par\u0165\u00e1ky z\u00fa\u010dastnili praktick\u00e9ho z\u00e1vodu z\u00e1chrann\u00fdch ps\u016f Memori\u00e1l Oldy Dvoroka 2025. Jejich t\u00fdm se um\u00edstil v siln\u00e9 konkurenci na kr\u00e1sn\u00e9m 5. m\u00edst\u011b. D\u011bkujeme za reprezentaci na\u0161eho spolku. Zobrazeno: 10 kr\u00e1t 0 0","og_url":"http:\/\/rescue-dog.cz\/memorial-oldy-dvoroka-2025\/","og_site_name":"rescue-dog.cz","article_published_time":"2025-06-22T14:10:00+00:00","article_modified_time":"2026-01-14T19:58:12+00:00","og_image":[{"width":2560,"height":1707,"url":"http:\/\/rescue-dog.cz\/wp-content\/uploads\/2025\/06\/mod04-scaled.jpg","type":"image\/jpeg"}],"author":"Marek Dehner","twitter_card":"summary_large_image","twitter_misc":{"Napsal(a)":"Marek Dehner","Odhadovan\u00e1 doba \u010dten\u00ed":"2 minuty"},"schema":{"@context":"https:\/\/schema.org","@graph":[{"@type":"Article","@id":"http:\/\/rescue-dog.cz\/memorial-oldy-dvoroka-2025\/#article","isPartOf":{"@id":"http:\/\/rescue-dog.cz\/memorial-oldy-dvoroka-2025\/"},"author":{"name":"Marek Dehner","@id":"http:\/\/rescue-dog.cz\/#\/schema\/person\/7f9e7c821a3d01df60ffb75390c85772"},"headline":"Memori\u00e1l Oldy Dvoroka 2025","datePublished":"2025-06-22T14:10:00+00:00","dateModified":"2026-01-14T19:58:12+00:00","mainEntityOfPage":{"@id":"http:\/\/rescue-dog.cz\/memorial-oldy-dvoroka-2025\/"},"wordCount":62,"image":{"@id":"http:\/\/rescue-dog.cz\/memorial-oldy-dvoroka-2025\/#primaryimage"},"thumbnailUrl":"http:\/\/rescue-dog.cz\/wp-content\/uploads\/2025\/06\/mod04-scaled.jpg","keywords":["z\u00e1vod"],"articleSection":["Novinky"],"inLanguage":"cs"},{"@type":"WebPage","@id":"http:\/\/rescue-dog.cz\/memorial-oldy-dvoroka-2025\/","url":"http:\/\/rescue-dog.cz\/memorial-oldy-dvoroka-2025\/","name":"Memori\u00e1l Oldy Dvoroka 2025 - rescue-dog.cz","isPartOf":{"@id":"http:\/\/rescue-dog.cz\/#website"},"primaryImageOfPage":{"@id":"http:\/\/rescue-dog.cz\/memorial-oldy-dvoroka-2025\/#primaryimage"},"image":{"@id":"http:\/\/rescue-dog.cz\/memorial-oldy-dvoroka-2025\/#primaryimage"},"thumbnailUrl":"http:\/\/rescue-dog.cz\/wp-content\/uploads\/2025\/06\/mod04-scaled.jpg","datePublished":"2025-06-22T14:10:00+00:00","dateModified":"2026-01-14T19:58:12+00:00","author":{"@id":"http:\/\/rescue-dog.cz\/#\/schema\/person\/7f9e7c821a3d01df60ffb75390c85772"},"breadcrumb":{"@id":"http:\/\/rescue-dog.cz\/memorial-oldy-dvoroka-2025\/#breadcrumb"},"inLanguage":"cs","potentialAction":[{"@type":"ReadAction","target":["http:\/\/rescue-dog.cz\/memorial-oldy-dvoroka-2025\/"]}]},{"@type":"ImageObject","inLanguage":"cs","@id":"http:\/\/rescue-dog.cz\/memorial-oldy-dvoroka-2025\/#primaryimage","url":"http:\/\/rescue-dog.cz\/wp-content\/uploads\/2025\/06\/mod04-scaled.jpg","contentUrl":"http:\/\/rescue-dog.cz\/wp-content\/uploads\/2025\/06\/mod04-scaled.jpg","width":2560,"height":1707},{"@type":"BreadcrumbList","@id":"http:\/\/rescue-dog.cz\/memorial-oldy-dvoroka-2025\/#breadcrumb","itemListElement":[{"@type":"ListItem","position":1,"name":"Dom\u016f","item":"http:\/\/rescue-dog.cz\/"},{"@type":"ListItem","position":2,"name":"Memori\u00e1l Oldy Dvoroka 2025"}]},{"@type":"WebSite","@id":"http:\/\/rescue-dog.cz\/#website","url":"http:\/\/rescue-dog.cz\/","name":"rescue-dog.cz","description":"Z\u00e1chrann\u00e1 kynologick\u00e1 stanice Pood\u0159\u00ed","potentialAction":[{"@type":"SearchAction","target":{"@type":"EntryPoint","urlTemplate":"http:\/\/rescue-dog.cz\/?s={search_term_string}"},"query-input":{"@type":"PropertyValueSpecification","valueRequired":true,"valueName":"search_term_string"}}],"inLanguage":"cs"},{"@type":"Person","@id":"http:\/\/rescue-dog.cz\/#\/schema\/person\/7f9e7c821a3d01df60ffb75390c85772","name":"Marek Dehner","image":{"@type":"ImageObject","inLanguage":"cs","@id":"http:\/\/rescue-dog.cz\/#\/schema\/person\/image\/","url":"https:\/\/secure.gravatar.com\/avatar\/924d7375fce6a8cda2dc6aaf9142f7beab91609786fc8e07396eeddc42fdabe8?s=96&d=mm&r=g","contentUrl":"https:\/\/secure.gravatar.com\/avatar\/924d7375fce6a8cda2dc6aaf9142f7beab91609786fc8e07396eeddc42fdabe8?s=96&d=mm&r=g","caption":"Marek Dehner"},"url":"http:\/\/rescue-dog.cz\/author\/marek-dehner\/"}]}},"_links":{"self":[{"href":"http:\/\/rescue-dog.cz\/wp-json\/wp\/v2\/posts\/702","targetHints":{"allow":["GET"]}}],"collection":[{"href":"http:\/\/rescue-dog.cz\/wp-json\/wp\/v2\/posts"}],"about":[{"href":"http:\/\/rescue-dog.cz\/wp-json\/wp\/v2\/types\/post"}],"author":[{"embeddable":true,"href":"http:\/\/rescue-dog.cz\/wp-json\/wp\/v2\/users\/2"}],"replies":[{"embeddable":true,"href":"http:\/\/rescue-dog.cz\/wp-json\/wp\/v2\/comments?post=702"}],"version-history":[{"count":4,"href":"http:\/\/rescue-dog.cz\/wp-json\/wp\/v2\/posts\/702\/revisions"}],"predecessor-version":[{"id":742,"href":"http:\/\/rescue-dog.cz\/wp-json\/wp\/v2\/posts\/702\/revisions\/742"}],"wp:featuredmedia":[{"embeddable":true,"href":"http:\/\/rescue-dog.cz\/wp-json\/wp\/v2\/media\/706"}],"wp:attachment":[{"href":"http:\/\/rescue-dog.cz\/wp-json\/wp\/v2\/media?parent=702"}],"wp:term":[{"taxonomy":"category","embeddable":true,"href":"http:\/\/rescue-dog.cz\/wp-json\/wp\/v2\/categories?post=702"},{"taxonomy":"post_tag","embeddable":true,"href":"http:\/\/rescue-dog.cz\/wp-json\/wp\/v2\/tags?post=702"}],"curies":[{"name":"wp","href":"https:\/\/api.w.org\/{rel}","templated":true}]}},{"id":696,"date":"2025-06-19T16:07:00","date_gmt":"2025-06-19T14:07:00","guid":{"rendered":"https:\/\/rescue-dog.cz\/?p=696"},"modified":"2026-01-14T16:35:42","modified_gmt":"2026-01-14T15:35:42","slug":"den-s-izs-2025","status":"publish","type":"post","link":"http:\/\/rescue-dog.cz\/den-s-izs-2025\/","title":{"rendered":"Den s IZS 2025"},"content":{"rendered":"\n<p><\/p>\n\n\n\n<p>Ve \u010dtvrtek 19.6.2025 se dva \u010dlenov\u00e9 na\u0161eho spolku (Marek a Katka Dehnerovi) z\u00fa\u010dastnili tradi\u010dn\u00ed hlu\u010d\u00ednsk\u00e9 akce Den s integrovan\u00fdm z\u00e1chrann\u00fdm syst\u00e9mem.<\/p>\n<p><!--more--><\/p>\n<p>P\u0159edvedli (nejen) d\u011btem z m\u00edstn\u00edch \u0161kol vybaven\u00ed a v\u00fdstroj, kter\u00e1 se pou\u017e\u00edv\u00e1 k v\u00fdcviku z\u00e1chrann\u00fdch ps\u016f. Nakonec do\u0161lo i na praktick\u00e9 uk\u00e1zky vyhled\u00e1n\u00ed ztracen\u00e9 osoby a samoz\u0159ejm\u011b i na mazlen\u00ed se psem.<\/p>\n<p>D\u011bkujeme za reprezentaci na\u0161eho spolku.<\/p>\n\n\n\n<p><a href=\"http:\/\/rescue-dog.cz\/wp-content\/uploads\/2026\/01\/IZS04.jpg\"><img loading=\"lazy\" decoding=\"async\" class=\"alignnone size-thumbnail wp-image-697\" src=\"http:\/\/rescue-dog.cz\/wp-content\/uploads\/2026\/01\/IZS04-150x150.jpg\" alt=\"\" width=\"150\" height=\"150\"><\/a> <a href=\"http:\/\/rescue-dog.cz\/wp-content\/uploads\/2026\/01\/IZS03.jpg\"><img loading=\"lazy\" decoding=\"async\" class=\"alignnone size-thumbnail wp-image-698\" src=\"http:\/\/rescue-dog.cz\/wp-content\/uploads\/2026\/01\/IZS03-150x150.jpg\" alt=\"\" width=\"150\" height=\"150\"><\/a> <a href=\"http:\/\/rescue-dog.cz\/wp-content\/uploads\/2026\/01\/IZS02.jpg\"><img loading=\"lazy\" decoding=\"async\" class=\"alignnone size-thumbnail wp-image-699\" src=\"http:\/\/rescue-dog.cz\/wp-content\/uploads\/2026\/01\/IZS02-150x150.jpg\" alt=\"\" width=\"150\" height=\"150\"><\/a> <a href=\"http:\/\/rescue-dog.cz\/wp-content\/uploads\/2026\/01\/IZS01.jpg\"><img loading=\"lazy\" decoding=\"async\" class=\"alignnone size-thumbnail wp-image-700\" src=\"http:\/\/rescue-dog.cz\/wp-content\/uploads\/2026\/01\/IZS01-150x150.jpg\" alt=\"\" width=\"150\" height=\"150\"><\/a><\/p>\n<p class=\"bawpvc-ajax-counter\" data-id=\"696\">Zobrazeno: 1 kr\u00e1t<\/p><div class='watch-action'><div class='watch-position align-right'><div class='action-like'><a class='lbg-style3 like-696 jlk' href='javascript:void(0)' data-task='like' data-post_id='696' data-nonce='4ab0c834a3' rel='nofollow'><img class='wti-pixel' src='http:\/\/rescue-dog.cz\/wp-content\/plugins\/wti-like-post\/images\/pixel.gif' title='L\u00edb\u00ed' \/><span class='lc-696 lc'>0<\/span><\/a><\/div><div class='action-unlike'><a class='unlbg-style3 unlike-696 jlk' href='javascript:void(0)' data-task='unlike' data-post_id='696' data-nonce='4ab0c834a3' rel='nofollow'><img class='wti-pixel' src='http:\/\/rescue-dog.cz\/wp-content\/plugins\/wti-like-post\/images\/pixel.gif' title='Nel\u00edb\u00ed' \/><span class='unlc-696 unlc'>0<\/span><\/a><\/div> <\/div> <div class='status-696 status align-right'><\/div><\/div><div class='wti-clear'><\/div>","protected":false},"excerpt":{"rendered":"<p>Ve \u010dtvrtek 19.6.2025 se dva \u010dlenov\u00e9 na\u0161eho spolku (Marek a Katka Dehnerovi) z\u00fa\u010dastnili tradi\u010dn\u00ed hlu\u010d\u00ednsk\u00e9 akce Den s integrovan\u00fdm z\u00e1chrann\u00fdm syst\u00e9mem. Zobrazeno: 1 kr\u00e1t 0 0<\/p>\n","protected":false},"author":2,"featured_media":697,"comment_status":"closed","ping_status":"open","sticky":false,"template":"","format":"standard","meta":{"ngg_post_thumbnail":0,"footnotes":""},"categories":[4],"tags":[23],"class_list":["post-696","post","type-post","status-publish","format-standard","has-post-thumbnail","hentry","category-novinky","tag-ukazka"],"yoast_head":"<!-- This site is optimized with the Yoast SEO plugin v26.8 - https:\/\/yoast.com\/product\/yoast-seo-wordpress\/ -->\n<title>Den s IZS 2025 - rescue-dog.cz<\/title>\n<meta name=\"robots\" content=\"index, follow, max-snippet:-1, max-image-preview:large, max-video-preview:-1\" \/>\n<link rel=\"canonical\" href=\"http:\/\/rescue-dog.cz\/den-s-izs-2025\/\" \/>\n<meta property=\"og:locale\" content=\"cs_CZ\" \/>\n<meta property=\"og:type\" content=\"article\" \/>\n<meta property=\"og:title\" content=\"Den s IZS 2025 - rescue-dog.cz\" \/>\n<meta property=\"og:description\" content=\"Ve \u010dtvrtek 19.6.2025 se dva \u010dlenov\u00e9 na\u0161eho spolku (Marek a Katka Dehnerovi) z\u00fa\u010dastnili tradi\u010dn\u00ed hlu\u010d\u00ednsk\u00e9 akce Den s integrovan\u00fdm z\u00e1chrann\u00fdm syst\u00e9mem. Zobrazeno: 1 kr\u00e1t 0 0\" \/>\n<meta property=\"og:url\" content=\"http:\/\/rescue-dog.cz\/den-s-izs-2025\/\" \/>\n<meta property=\"og:site_name\" content=\"rescue-dog.cz\" \/>\n<meta property=\"article:published_time\" content=\"2025-06-19T14:07:00+00:00\" \/>\n<meta property=\"article:modified_time\" content=\"2026-01-14T15:35:42+00:00\" \/>\n<meta property=\"og:image\" content=\"http:\/\/rescue-dog.cz\/wp-content\/uploads\/2026\/01\/IZS04.jpg\" \/>\n\t<meta property=\"og:image:width\" content=\"1536\" \/>\n\t<meta property=\"og:image:height\" content=\"2048\" \/>\n\t<meta property=\"og:image:type\" content=\"image\/jpeg\" \/>\n<meta name=\"author\" content=\"Marek Dehner\" \/>\n<meta name=\"twitter:card\" content=\"summary_large_image\" \/>\n<meta name=\"twitter:label1\" content=\"Napsal(a)\" \/>\n\t<meta name=\"twitter:data1\" content=\"Marek Dehner\" \/>\n\t<meta name=\"twitter:label2\" content=\"Odhadovan\u00e1 doba \u010dten\u00ed\" \/>\n\t<meta name=\"twitter:data2\" content=\"2 minuty\" \/>\n<script type=\"application\/ld+json\" class=\"yoast-schema-graph\">{\"@context\":\"https:\/\/schema.org\",\"@graph\":[{\"@type\":\"Article\",\"@id\":\"http:\/\/rescue-dog.cz\/den-s-izs-2025\/#article\",\"isPartOf\":{\"@id\":\"http:\/\/rescue-dog.cz\/den-s-izs-2025\/\"},\"author\":{\"name\":\"Marek Dehner\",\"@id\":\"http:\/\/rescue-dog.cz\/#\/schema\/person\/7f9e7c821a3d01df60ffb75390c85772\"},\"headline\":\"Den s IZS 2025\",\"datePublished\":\"2025-06-19T14:07:00+00:00\",\"dateModified\":\"2026-01-14T15:35:42+00:00\",\"mainEntityOfPage\":{\"@id\":\"http:\/\/rescue-dog.cz\/den-s-izs-2025\/\"},\"wordCount\":83,\"image\":{\"@id\":\"http:\/\/rescue-dog.cz\/den-s-izs-2025\/#primaryimage\"},\"thumbnailUrl\":\"http:\/\/rescue-dog.cz\/wp-content\/uploads\/2026\/01\/IZS04.jpg\",\"keywords\":[\"uk\u00e1zka\"],\"articleSection\":[\"Novinky\"],\"inLanguage\":\"cs\"},{\"@type\":\"WebPage\",\"@id\":\"http:\/\/rescue-dog.cz\/den-s-izs-2025\/\",\"url\":\"http:\/\/rescue-dog.cz\/den-s-izs-2025\/\",\"name\":\"Den s IZS 2025 - rescue-dog.cz\",\"isPartOf\":{\"@id\":\"http:\/\/rescue-dog.cz\/#website\"},\"primaryImageOfPage\":{\"@id\":\"http:\/\/rescue-dog.cz\/den-s-izs-2025\/#primaryimage\"},\"image\":{\"@id\":\"http:\/\/rescue-dog.cz\/den-s-izs-2025\/#primaryimage\"},\"thumbnailUrl\":\"http:\/\/rescue-dog.cz\/wp-content\/uploads\/2026\/01\/IZS04.jpg\",\"datePublished\":\"2025-06-19T14:07:00+00:00\",\"dateModified\":\"2026-01-14T15:35:42+00:00\",\"author\":{\"@id\":\"http:\/\/rescue-dog.cz\/#\/schema\/person\/7f9e7c821a3d01df60ffb75390c85772\"},\"breadcrumb\":{\"@id\":\"http:\/\/rescue-dog.cz\/den-s-izs-2025\/#breadcrumb\"},\"inLanguage\":\"cs\",\"potentialAction\":[{\"@type\":\"ReadAction\",\"target\":[\"http:\/\/rescue-dog.cz\/den-s-izs-2025\/\"]}]},{\"@type\":\"ImageObject\",\"inLanguage\":\"cs\",\"@id\":\"http:\/\/rescue-dog.cz\/den-s-izs-2025\/#primaryimage\",\"url\":\"http:\/\/rescue-dog.cz\/wp-content\/uploads\/2026\/01\/IZS04.jpg\",\"contentUrl\":\"http:\/\/rescue-dog.cz\/wp-content\/uploads\/2026\/01\/IZS04.jpg\",\"width\":1536,\"height\":2048},{\"@type\":\"BreadcrumbList\",\"@id\":\"http:\/\/rescue-dog.cz\/den-s-izs-2025\/#breadcrumb\",\"itemListElement\":[{\"@type\":\"ListItem\",\"position\":1,\"name\":\"Dom\u016f\",\"item\":\"http:\/\/rescue-dog.cz\/\"},{\"@type\":\"ListItem\",\"position\":2,\"name\":\"Den s IZS 2025\"}]},{\"@type\":\"WebSite\",\"@id\":\"http:\/\/rescue-dog.cz\/#website\",\"url\":\"http:\/\/rescue-dog.cz\/\",\"name\":\"rescue-dog.cz\",\"description\":\"Z\u00e1chrann\u00e1 kynologick\u00e1 stanice Pood\u0159\u00ed\",\"potentialAction\":[{\"@type\":\"SearchAction\",\"target\":{\"@type\":\"EntryPoint\",\"urlTemplate\":\"http:\/\/rescue-dog.cz\/?s={search_term_string}\"},\"query-input\":{\"@type\":\"PropertyValueSpecification\",\"valueRequired\":true,\"valueName\":\"search_term_string\"}}],\"inLanguage\":\"cs\"},{\"@type\":\"Person\",\"@id\":\"http:\/\/rescue-dog.cz\/#\/schema\/person\/7f9e7c821a3d01df60ffb75390c85772\",\"name\":\"Marek Dehner\",\"image\":{\"@type\":\"ImageObject\",\"inLanguage\":\"cs\",\"@id\":\"http:\/\/rescue-dog.cz\/#\/schema\/person\/image\/\",\"url\":\"https:\/\/secure.gravatar.com\/avatar\/924d7375fce6a8cda2dc6aaf9142f7beab91609786fc8e07396eeddc42fdabe8?s=96&d=mm&r=g\",\"contentUrl\":\"https:\/\/secure.gravatar.com\/avatar\/924d7375fce6a8cda2dc6aaf9142f7beab91609786fc8e07396eeddc42fdabe8?s=96&d=mm&r=g\",\"caption\":\"Marek Dehner\"},\"url\":\"http:\/\/rescue-dog.cz\/author\/marek-dehner\/\"}]}<\/script>\n<!-- \/ Yoast SEO plugin. -->","yoast_head_json":{"title":"Den s IZS 2025 - rescue-dog.cz","robots":{"index":"index","follow":"follow","max-snippet":"max-snippet:-1","max-image-preview":"max-image-preview:large","max-video-preview":"max-video-preview:-1"},"canonical":"http:\/\/rescue-dog.cz\/den-s-izs-2025\/","og_locale":"cs_CZ","og_type":"article","og_title":"Den s IZS 2025 - rescue-dog.cz","og_description":"Ve \u010dtvrtek 19.6.2025 se dva \u010dlenov\u00e9 na\u0161eho spolku (Marek a Katka Dehnerovi) z\u00fa\u010dastnili tradi\u010dn\u00ed hlu\u010d\u00ednsk\u00e9 akce Den s integrovan\u00fdm z\u00e1chrann\u00fdm syst\u00e9mem. Zobrazeno: 1 kr\u00e1t 0 0","og_url":"http:\/\/rescue-dog.cz\/den-s-izs-2025\/","og_site_name":"rescue-dog.cz","article_published_time":"2025-06-19T14:07:00+00:00","article_modified_time":"2026-01-14T15:35:42+00:00","og_image":[{"width":1536,"height":2048,"url":"http:\/\/rescue-dog.cz\/wp-content\/uploads\/2026\/01\/IZS04.jpg","type":"image\/jpeg"}],"author":"Marek Dehner","twitter_card":"summary_large_image","twitter_misc":{"Napsal(a)":"Marek Dehner","Odhadovan\u00e1 doba \u010dten\u00ed":"2 minuty"},"schema":{"@context":"https:\/\/schema.org","@graph":[{"@type":"Article","@id":"http:\/\/rescue-dog.cz\/den-s-izs-2025\/#article","isPartOf":{"@id":"http:\/\/rescue-dog.cz\/den-s-izs-2025\/"},"author":{"name":"Marek Dehner","@id":"http:\/\/rescue-dog.cz\/#\/schema\/person\/7f9e7c821a3d01df60ffb75390c85772"},"headline":"Den s IZS 2025","datePublished":"2025-06-19T14:07:00+00:00","dateModified":"2026-01-14T15:35:42+00:00","mainEntityOfPage":{"@id":"http:\/\/rescue-dog.cz\/den-s-izs-2025\/"},"wordCount":83,"image":{"@id":"http:\/\/rescue-dog.cz\/den-s-izs-2025\/#primaryimage"},"thumbnailUrl":"http:\/\/rescue-dog.cz\/wp-content\/uploads\/2026\/01\/IZS04.jpg","keywords":["uk\u00e1zka"],"articleSection":["Novinky"],"inLanguage":"cs"},{"@type":"WebPage","@id":"http:\/\/rescue-dog.cz\/den-s-izs-2025\/","url":"http:\/\/rescue-dog.cz\/den-s-izs-2025\/","name":"Den s IZS 2025 - rescue-dog.cz","isPartOf":{"@id":"http:\/\/rescue-dog.cz\/#website"},"primaryImageOfPage":{"@id":"http:\/\/rescue-dog.cz\/den-s-izs-2025\/#primaryimage"},"image":{"@id":"http:\/\/rescue-dog.cz\/den-s-izs-2025\/#primaryimage"},"thumbnailUrl":"http:\/\/rescue-dog.cz\/wp-content\/uploads\/2026\/01\/IZS04.jpg","datePublished":"2025-06-19T14:07:00+00:00","dateModified":"2026-01-14T15:35:42+00:00","author":{"@id":"http:\/\/rescue-dog.cz\/#\/schema\/person\/7f9e7c821a3d01df60ffb75390c85772"},"breadcrumb":{"@id":"http:\/\/rescue-dog.cz\/den-s-izs-2025\/#breadcrumb"},"inLanguage":"cs","potentialAction":[{"@type":"ReadAction","target":["http:\/\/rescue-dog.cz\/den-s-izs-2025\/"]}]},{"@type":"ImageObject","inLanguage":"cs","@id":"http:\/\/rescue-dog.cz\/den-s-izs-2025\/#primaryimage","url":"http:\/\/rescue-dog.cz\/wp-content\/uploads\/2026\/01\/IZS04.jpg","contentUrl":"http:\/\/rescue-dog.cz\/wp-content\/uploads\/2026\/01\/IZS04.jpg","width":1536,"height":2048},{"@type":"BreadcrumbList","@id":"http:\/\/rescue-dog.cz\/den-s-izs-2025\/#breadcrumb","itemListElement":[{"@type":"ListItem","position":1,"name":"Dom\u016f","item":"http:\/\/rescue-dog.cz\/"},{"@type":"ListItem","position":2,"name":"Den s IZS 2025"}]},{"@type":"WebSite","@id":"http:\/\/rescue-dog.cz\/#website","url":"http:\/\/rescue-dog.cz\/","name":"rescue-dog.cz","description":"Z\u00e1chrann\u00e1 kynologick\u00e1 stanice Pood\u0159\u00ed","potentialAction":[{"@type":"SearchAction","target":{"@type":"EntryPoint","urlTemplate":"http:\/\/rescue-dog.cz\/?s={search_term_string}"},"query-input":{"@type":"PropertyValueSpecification","valueRequired":true,"valueName":"search_term_string"}}],"inLanguage":"cs"},{"@type":"Person","@id":"http:\/\/rescue-dog.cz\/#\/schema\/person\/7f9e7c821a3d01df60ffb75390c85772","name":"Marek Dehner","image":{"@type":"ImageObject","inLanguage":"cs","@id":"http:\/\/rescue-dog.cz\/#\/schema\/person\/image\/","url":"https:\/\/secure.gravatar.com\/avatar\/924d7375fce6a8cda2dc6aaf9142f7beab91609786fc8e07396eeddc42fdabe8?s=96&d=mm&r=g","contentUrl":"https:\/\/secure.gravatar.com\/avatar\/924d7375fce6a8cda2dc6aaf9142f7beab91609786fc8e07396eeddc42fdabe8?s=96&d=mm&r=g","caption":"Marek Dehner"},"url":"http:\/\/rescue-dog.cz\/author\/marek-dehner\/"}]}},"_links":{"self":[{"href":"http:\/\/rescue-dog.cz\/wp-json\/wp\/v2\/posts\/696","targetHints":{"allow":["GET"]}}],"collection":[{"href":"http:\/\/rescue-dog.cz\/wp-json\/wp\/v2\/posts"}],"about":[{"href":"http:\/\/rescue-dog.cz\/wp-json\/wp\/v2\/types\/post"}],"author":[{"embeddable":true,"href":"http:\/\/rescue-dog.cz\/wp-json\/wp\/v2\/users\/2"}],"replies":[{"embeddable":true,"href":"http:\/\/rescue-dog.cz\/wp-json\/wp\/v2\/comments?post=696"}],"version-history":[{"count":2,"href":"http:\/\/rescue-dog.cz\/wp-json\/wp\/v2\/posts\/696\/revisions"}],"predecessor-version":[{"id":716,"href":"http:\/\/rescue-dog.cz\/wp-json\/wp\/v2\/posts\/696\/revisions\/716"}],"wp:featuredmedia":[{"embeddable":true,"href":"http:\/\/rescue-dog.cz\/wp-json\/wp\/v2\/media\/697"}],"wp:attachment":[{"href":"http:\/\/rescue-dog.cz\/wp-json\/wp\/v2\/media?parent=696"}],"wp:term":[{"taxonomy":"category","embeddable":true,"href":"http:\/\/rescue-dog.cz\/wp-json\/wp\/v2\/categories?post=696"},{"taxonomy":"post_tag","embeddable":true,"href":"http:\/\/rescue-dog.cz\/wp-json\/wp\/v2\/tags?post=696"}],"curies":[{"name":"wp","href":"https:\/\/api.w.org\/{rel}","templated":true}]}},{"id":692,"date":"2025-04-27T16:06:00","date_gmt":"2025-04-27T14:06:00","guid":{"rendered":"https:\/\/rescue-dog.cz\/?p=692"},"modified":"2026-01-14T16:36:13","modified_gmt":"2026-01-14T15:36:13","slug":"narodni-zkousky-v-hlucine","status":"publish","type":"post","link":"http:\/\/rescue-dog.cz\/narodni-zkousky-v-hlucine\/","title":{"rendered":"N\u00e1rodn\u00ed zkou\u0161ky v Hlu\u010d\u00edn\u011b"},"content":{"rendered":"\n<p>N\u00e1\u0161 spolek po\u0159\u00e1dal v sobotu 26.4.2025 n\u00e1rodn\u00ed zkou\u0161ky, rozhod\u010d\u00edm byl Pavel \u0160aback\u00fd<br>A v\u0161em na\u0161im \u010dlen\u016fm se poda\u0159ilo zkou\u0161ku slo\u017eit&nbsp;<img decoding=\"async\" class=\"emoji\" role=\"img\" draggable=\"false\" src=\"https:\/\/s.w.org\/images\/core\/emoji\/17.0.2\/svg\/1f973.svg\" alt=\"\ud83e\udd73\"><img decoding=\"async\" class=\"emoji\" role=\"img\" draggable=\"false\" src=\"https:\/\/s.w.org\/images\/core\/emoji\/17.0.2\/svg\/1f973.svg\" alt=\"\ud83e\udd73\"><br>Gratulujeme<\/p>\n<p><!--more--><br>Lucie Jul\u00ednkov\u00e1 a Baddy RH FL A<br>Marsi Sliack\u00e1 a Will\u00edk RH FL V<br>\u017daneta Pavl\u00edkov\u00e1 a Ria a Elli 2x RH FL V<\/p>\n<p><a href=\"http:\/\/rescue-dog.cz\/wp-content\/uploads\/2026\/01\/20250427-1-1024x771-1.jpg\"><img loading=\"lazy\" decoding=\"async\" class=\"alignnone size-thumbnail wp-image-693\" src=\"http:\/\/rescue-dog.cz\/wp-content\/uploads\/2026\/01\/20250427-1-1024x771-1-150x150.jpg\" alt=\"\" width=\"150\" height=\"150\"><\/a> <a href=\"http:\/\/rescue-dog.cz\/wp-content\/uploads\/2026\/01\/20250427-2-771x1024-1.jpg\"><img loading=\"lazy\" decoding=\"async\" class=\"alignnone size-thumbnail wp-image-694\" src=\"http:\/\/rescue-dog.cz\/wp-content\/uploads\/2026\/01\/20250427-2-771x1024-1-150x150.jpg\" alt=\"\" width=\"150\" height=\"150\"><\/a><\/p>\n\n\n<p class=\"bawpvc-ajax-counter\" data-id=\"692\">Zobrazeno: 2 kr\u00e1t<\/p><div class='watch-action'><div class='watch-position align-right'><div class='action-like'><a class='lbg-style3 like-692 jlk' href='javascript:void(0)' data-task='like' data-post_id='692' data-nonce='4ab0c834a3' rel='nofollow'><img class='wti-pixel' src='http:\/\/rescue-dog.cz\/wp-content\/plugins\/wti-like-post\/images\/pixel.gif' title='L\u00edb\u00ed' \/><span class='lc-692 lc'>0<\/span><\/a><\/div><div class='action-unlike'><a class='unlbg-style3 unlike-692 jlk' href='javascript:void(0)' data-task='unlike' data-post_id='692' data-nonce='4ab0c834a3' rel='nofollow'><img class='wti-pixel' src='http:\/\/rescue-dog.cz\/wp-content\/plugins\/wti-like-post\/images\/pixel.gif' title='Nel\u00edb\u00ed' \/><span class='unlc-692 unlc'>0<\/span><\/a><\/div> <\/div> <div class='status-692 status align-right'><\/div><\/div><div class='wti-clear'><\/div>","protected":false},"excerpt":{"rendered":"<p>N\u00e1\u0161 spolek po\u0159\u00e1dal v sobotu 26.4.2025 n\u00e1rodn\u00ed zkou\u0161ky, rozhod\u010d\u00edm byl Pavel \u0160aback\u00fdA v\u0161em na\u0161im \u010dlen\u016fm se poda\u0159ilo zkou\u0161ku slo\u017eit&nbsp;Gratulujeme Zobrazeno: 2 kr\u00e1t 0 0<\/p>\n","protected":false},"author":2,"featured_media":0,"comment_status":"closed","ping_status":"open","sticky":false,"template":"","format":"standard","meta":{"ngg_post_thumbnail":0,"footnotes":""},"categories":[4],"tags":[19],"class_list":["post-692","post","type-post","status-publish","format-standard","hentry","category-novinky","tag-zkousky"],"yoast_head":"<!-- This site is optimized with the Yoast SEO plugin v26.8 - https:\/\/yoast.com\/product\/yoast-seo-wordpress\/ -->\n<title>N\u00e1rodn\u00ed zkou\u0161ky v Hlu\u010d\u00edn\u011b - rescue-dog.cz<\/title>\n<meta name=\"robots\" content=\"index, follow, max-snippet:-1, max-image-preview:large, max-video-preview:-1\" \/>\n<link rel=\"canonical\" href=\"http:\/\/rescue-dog.cz\/narodni-zkousky-v-hlucine\/\" \/>\n<meta property=\"og:locale\" content=\"cs_CZ\" \/>\n<meta property=\"og:type\" content=\"article\" \/>\n<meta property=\"og:title\" content=\"N\u00e1rodn\u00ed zkou\u0161ky v Hlu\u010d\u00edn\u011b - rescue-dog.cz\" \/>\n<meta property=\"og:description\" content=\"N\u00e1\u0161 spolek po\u0159\u00e1dal v sobotu 26.4.2025 n\u00e1rodn\u00ed zkou\u0161ky, rozhod\u010d\u00edm byl Pavel \u0160aback\u00fdA v\u0161em na\u0161im \u010dlen\u016fm se poda\u0159ilo zkou\u0161ku slo\u017eit&nbsp;Gratulujeme Zobrazeno: 2 kr\u00e1t 0 0\" \/>\n<meta property=\"og:url\" content=\"http:\/\/rescue-dog.cz\/narodni-zkousky-v-hlucine\/\" \/>\n<meta property=\"og:site_name\" content=\"rescue-dog.cz\" \/>\n<meta property=\"article:published_time\" content=\"2025-04-27T14:06:00+00:00\" \/>\n<meta property=\"article:modified_time\" content=\"2026-01-14T15:36:13+00:00\" \/>\n<meta property=\"og:image\" content=\"https:\/\/s.w.org\/images\/core\/emoji\/17.0.2\/svg\/1f973.svg\" \/>\n<meta name=\"author\" content=\"Marek Dehner\" \/>\n<meta name=\"twitter:card\" content=\"summary_large_image\" \/>\n<meta name=\"twitter:label1\" content=\"Napsal(a)\" \/>\n\t<meta name=\"twitter:data1\" content=\"Marek Dehner\" \/>\n\t<meta name=\"twitter:label2\" content=\"Odhadovan\u00e1 doba \u010dten\u00ed\" \/>\n\t<meta name=\"twitter:data2\" content=\"2 minuty\" \/>\n<script type=\"application\/ld+json\" class=\"yoast-schema-graph\">{\"@context\":\"https:\/\/schema.org\",\"@graph\":[{\"@type\":\"Article\",\"@id\":\"http:\/\/rescue-dog.cz\/narodni-zkousky-v-hlucine\/#article\",\"isPartOf\":{\"@id\":\"http:\/\/rescue-dog.cz\/narodni-zkousky-v-hlucine\/\"},\"author\":{\"name\":\"Marek Dehner\",\"@id\":\"http:\/\/rescue-dog.cz\/#\/schema\/person\/7f9e7c821a3d01df60ffb75390c85772\"},\"headline\":\"N\u00e1rodn\u00ed zkou\u0161ky v Hlu\u010d\u00edn\u011b\",\"datePublished\":\"2025-04-27T14:06:00+00:00\",\"dateModified\":\"2026-01-14T15:36:13+00:00\",\"mainEntityOfPage\":{\"@id\":\"http:\/\/rescue-dog.cz\/narodni-zkousky-v-hlucine\/\"},\"wordCount\":64,\"image\":{\"@id\":\"http:\/\/rescue-dog.cz\/narodni-zkousky-v-hlucine\/#primaryimage\"},\"thumbnailUrl\":\"https:\/\/s.w.org\/images\/core\/emoji\/17.0.2\/svg\/1f973.svg\",\"keywords\":[\"zkou\u0161ky\"],\"articleSection\":[\"Novinky\"],\"inLanguage\":\"cs\"},{\"@type\":\"WebPage\",\"@id\":\"http:\/\/rescue-dog.cz\/narodni-zkousky-v-hlucine\/\",\"url\":\"http:\/\/rescue-dog.cz\/narodni-zkousky-v-hlucine\/\",\"name\":\"N\u00e1rodn\u00ed zkou\u0161ky v Hlu\u010d\u00edn\u011b - rescue-dog.cz\",\"isPartOf\":{\"@id\":\"http:\/\/rescue-dog.cz\/#website\"},\"primaryImageOfPage\":{\"@id\":\"http:\/\/rescue-dog.cz\/narodni-zkousky-v-hlucine\/#primaryimage\"},\"image\":{\"@id\":\"http:\/\/rescue-dog.cz\/narodni-zkousky-v-hlucine\/#primaryimage\"},\"thumbnailUrl\":\"https:\/\/s.w.org\/images\/core\/emoji\/17.0.2\/svg\/1f973.svg\",\"datePublished\":\"2025-04-27T14:06:00+00:00\",\"dateModified\":\"2026-01-14T15:36:13+00:00\",\"author\":{\"@id\":\"http:\/\/rescue-dog.cz\/#\/schema\/person\/7f9e7c821a3d01df60ffb75390c85772\"},\"breadcrumb\":{\"@id\":\"http:\/\/rescue-dog.cz\/narodni-zkousky-v-hlucine\/#breadcrumb\"},\"inLanguage\":\"cs\",\"potentialAction\":[{\"@type\":\"ReadAction\",\"target\":[\"http:\/\/rescue-dog.cz\/narodni-zkousky-v-hlucine\/\"]}]},{\"@type\":\"ImageObject\",\"inLanguage\":\"cs\",\"@id\":\"http:\/\/rescue-dog.cz\/narodni-zkousky-v-hlucine\/#primaryimage\",\"url\":\"https:\/\/s.w.org\/images\/core\/emoji\/17.0.2\/svg\/1f973.svg\",\"contentUrl\":\"https:\/\/s.w.org\/images\/core\/emoji\/17.0.2\/svg\/1f973.svg\"},{\"@type\":\"BreadcrumbList\",\"@id\":\"http:\/\/rescue-dog.cz\/narodni-zkousky-v-hlucine\/#breadcrumb\",\"itemListElement\":[{\"@type\":\"ListItem\",\"position\":1,\"name\":\"Dom\u016f\",\"item\":\"http:\/\/rescue-dog.cz\/\"},{\"@type\":\"ListItem\",\"position\":2,\"name\":\"N\u00e1rodn\u00ed zkou\u0161ky v Hlu\u010d\u00edn\u011b\"}]},{\"@type\":\"WebSite\",\"@id\":\"http:\/\/rescue-dog.cz\/#website\",\"url\":\"http:\/\/rescue-dog.cz\/\",\"name\":\"rescue-dog.cz\",\"description\":\"Z\u00e1chrann\u00e1 kynologick\u00e1 stanice Pood\u0159\u00ed\",\"potentialAction\":[{\"@type\":\"SearchAction\",\"target\":{\"@type\":\"EntryPoint\",\"urlTemplate\":\"http:\/\/rescue-dog.cz\/?s={search_term_string}\"},\"query-input\":{\"@type\":\"PropertyValueSpecification\",\"valueRequired\":true,\"valueName\":\"search_term_string\"}}],\"inLanguage\":\"cs\"},{\"@type\":\"Person\",\"@id\":\"http:\/\/rescue-dog.cz\/#\/schema\/person\/7f9e7c821a3d01df60ffb75390c85772\",\"name\":\"Marek Dehner\",\"image\":{\"@type\":\"ImageObject\",\"inLanguage\":\"cs\",\"@id\":\"http:\/\/rescue-dog.cz\/#\/schema\/person\/image\/\",\"url\":\"https:\/\/secure.gravatar.com\/avatar\/924d7375fce6a8cda2dc6aaf9142f7beab91609786fc8e07396eeddc42fdabe8?s=96&d=mm&r=g\",\"contentUrl\":\"https:\/\/secure.gravatar.com\/avatar\/924d7375fce6a8cda2dc6aaf9142f7beab91609786fc8e07396eeddc42fdabe8?s=96&d=mm&r=g\",\"caption\":\"Marek Dehner\"},\"url\":\"http:\/\/rescue-dog.cz\/author\/marek-dehner\/\"}]}<\/script>\n<!-- \/ Yoast SEO plugin. -->","yoast_head_json":{"title":"N\u00e1rodn\u00ed zkou\u0161ky v Hlu\u010d\u00edn\u011b - rescue-dog.cz","robots":{"index":"index","follow":"follow","max-snippet":"max-snippet:-1","max-image-preview":"max-image-preview:large","max-video-preview":"max-video-preview:-1"},"canonical":"http:\/\/rescue-dog.cz\/narodni-zkousky-v-hlucine\/","og_locale":"cs_CZ","og_type":"article","og_title":"N\u00e1rodn\u00ed zkou\u0161ky v Hlu\u010d\u00edn\u011b - rescue-dog.cz","og_description":"N\u00e1\u0161 spolek po\u0159\u00e1dal v sobotu 26.4.2025 n\u00e1rodn\u00ed zkou\u0161ky, rozhod\u010d\u00edm byl Pavel \u0160aback\u00fdA v\u0161em na\u0161im \u010dlen\u016fm se poda\u0159ilo zkou\u0161ku slo\u017eit&nbsp;Gratulujeme Zobrazeno: 2 kr\u00e1t 0 0","og_url":"http:\/\/rescue-dog.cz\/narodni-zkousky-v-hlucine\/","og_site_name":"rescue-dog.cz","article_published_time":"2025-04-27T14:06:00+00:00","article_modified_time":"2026-01-14T15:36:13+00:00","og_image":[{"url":"https:\/\/s.w.org\/images\/core\/emoji\/17.0.2\/svg\/1f973.svg","type":"","width":"","height":""}],"author":"Marek Dehner","twitter_card":"summary_large_image","twitter_misc":{"Napsal(a)":"Marek Dehner","Odhadovan\u00e1 doba \u010dten\u00ed":"2 minuty"},"schema":{"@context":"https:\/\/schema.org","@graph":[{"@type":"Article","@id":"http:\/\/rescue-dog.cz\/narodni-zkousky-v-hlucine\/#article","isPartOf":{"@id":"http:\/\/rescue-dog.cz\/narodni-zkousky-v-hlucine\/"},"author":{"name":"Marek Dehner","@id":"http:\/\/rescue-dog.cz\/#\/schema\/person\/7f9e7c821a3d01df60ffb75390c85772"},"headline":"N\u00e1rodn\u00ed zkou\u0161ky v Hlu\u010d\u00edn\u011b","datePublished":"2025-04-27T14:06:00+00:00","dateModified":"2026-01-14T15:36:13+00:00","mainEntityOfPage":{"@id":"http:\/\/rescue-dog.cz\/narodni-zkousky-v-hlucine\/"},"wordCount":64,"image":{"@id":"http:\/\/rescue-dog.cz\/narodni-zkousky-v-hlucine\/#primaryimage"},"thumbnailUrl":"https:\/\/s.w.org\/images\/core\/emoji\/17.0.2\/svg\/1f973.svg","keywords":["zkou\u0161ky"],"articleSection":["Novinky"],"inLanguage":"cs"},{"@type":"WebPage","@id":"http:\/\/rescue-dog.cz\/narodni-zkousky-v-hlucine\/","url":"http:\/\/rescue-dog.cz\/narodni-zkousky-v-hlucine\/","name":"N\u00e1rodn\u00ed zkou\u0161ky v Hlu\u010d\u00edn\u011b - rescue-dog.cz","isPartOf":{"@id":"http:\/\/rescue-dog.cz\/#website"},"primaryImageOfPage":{"@id":"http:\/\/rescue-dog.cz\/narodni-zkousky-v-hlucine\/#primaryimage"},"image":{"@id":"http:\/\/rescue-dog.cz\/narodni-zkousky-v-hlucine\/#primaryimage"},"thumbnailUrl":"https:\/\/s.w.org\/images\/core\/emoji\/17.0.2\/svg\/1f973.svg","datePublished":"2025-04-27T14:06:00+00:00","dateModified":"2026-01-14T15:36:13+00:00","author":{"@id":"http:\/\/rescue-dog.cz\/#\/schema\/person\/7f9e7c821a3d01df60ffb75390c85772"},"breadcrumb":{"@id":"http:\/\/rescue-dog.cz\/narodni-zkousky-v-hlucine\/#breadcrumb"},"inLanguage":"cs","potentialAction":[{"@type":"ReadAction","target":["http:\/\/rescue-dog.cz\/narodni-zkousky-v-hlucine\/"]}]},{"@type":"ImageObject","inLanguage":"cs","@id":"http:\/\/rescue-dog.cz\/narodni-zkousky-v-hlucine\/#primaryimage","url":"https:\/\/s.w.org\/images\/core\/emoji\/17.0.2\/svg\/1f973.svg","contentUrl":"https:\/\/s.w.org\/images\/core\/emoji\/17.0.2\/svg\/1f973.svg"},{"@type":"BreadcrumbList","@id":"http:\/\/rescue-dog.cz\/narodni-zkousky-v-hlucine\/#breadcrumb","itemListElement":[{"@type":"ListItem","position":1,"name":"Dom\u016f","item":"http:\/\/rescue-dog.cz\/"},{"@type":"ListItem","position":2,"name":"N\u00e1rodn\u00ed zkou\u0161ky v Hlu\u010d\u00edn\u011b"}]},{"@type":"WebSite","@id":"http:\/\/rescue-dog.cz\/#website","url":"http:\/\/rescue-dog.cz\/","name":"rescue-dog.cz","description":"Z\u00e1chrann\u00e1 kynologick\u00e1 stanice Pood\u0159\u00ed","potentialAction":[{"@type":"SearchAction","target":{"@type":"EntryPoint","urlTemplate":"http:\/\/rescue-dog.cz\/?s={search_term_string}"},"query-input":{"@type":"PropertyValueSpecification","valueRequired":true,"valueName":"search_term_string"}}],"inLanguage":"cs"},{"@type":"Person","@id":"http:\/\/rescue-dog.cz\/#\/schema\/person\/7f9e7c821a3d01df60ffb75390c85772","name":"Marek Dehner","image":{"@type":"ImageObject","inLanguage":"cs","@id":"http:\/\/rescue-dog.cz\/#\/schema\/person\/image\/","url":"https:\/\/secure.gravatar.com\/avatar\/924d7375fce6a8cda2dc6aaf9142f7beab91609786fc8e07396eeddc42fdabe8?s=96&d=mm&r=g","contentUrl":"https:\/\/secure.gravatar.com\/avatar\/924d7375fce6a8cda2dc6aaf9142f7beab91609786fc8e07396eeddc42fdabe8?s=96&d=mm&r=g","caption":"Marek Dehner"},"url":"http:\/\/rescue-dog.cz\/author\/marek-dehner\/"}]}},"_links":{"self":[{"href":"http:\/\/rescue-dog.cz\/wp-json\/wp\/v2\/posts\/692","targetHints":{"allow":["GET"]}}],"collection":[{"href":"http:\/\/rescue-dog.cz\/wp-json\/wp\/v2\/posts"}],"about":[{"href":"http:\/\/rescue-dog.cz\/wp-json\/wp\/v2\/types\/post"}],"author":[{"embeddable":true,"href":"http:\/\/rescue-dog.cz\/wp-json\/wp\/v2\/users\/2"}],"replies":[{"embeddable":true,"href":"http:\/\/rescue-dog.cz\/wp-json\/wp\/v2\/comments?post=692"}],"version-history":[{"count":3,"href":"http:\/\/rescue-dog.cz\/wp-json\/wp\/v2\/posts\/692\/revisions"}],"predecessor-version":[{"id":714,"href":"http:\/\/rescue-dog.cz\/wp-json\/wp\/v2\/posts\/692\/revisions\/714"}],"wp:attachment":[{"href":"http:\/\/rescue-dog.cz\/wp-json\/wp\/v2\/media?parent=692"}],"wp:term":[{"taxonomy":"category","embeddable":true,"href":"http:\/\/rescue-dog.cz\/wp-json\/wp\/v2\/categories?post=692"},{"taxonomy":"post_tag","embeddable":true,"href":"http:\/\/rescue-dog.cz\/wp-json\/wp\/v2\/tags?post=692"}],"curies":[{"name":"wp","href":"https:\/\/api.w.org\/{rel}","templated":true}]}},{"id":664,"date":"2024-11-21T21:43:22","date_gmt":"2024-11-21T20:43:22","guid":{"rendered":"https:\/\/rescue-dog.cz\/?p=664"},"modified":"2026-01-14T16:35:57","modified_gmt":"2026-01-14T15:35:57","slug":"sutinovy-imz-v-mimoni","status":"publish","type":"post","link":"http:\/\/rescue-dog.cz\/sutinovy-imz-v-mimoni\/","title":{"rendered":"Sutinov\u00fd IMZ v Mimoni"},"content":{"rendered":"\n\n\n<p style=\"text-align: justify;\"><span style=\"font-weight: 400;\">Minul\u00fd t\u00fdden se \u010dty\u0159i na\u0161i \u010dlenov\u00e9 (Marek Dehner, Kate\u0159ina Honusov\u00e1, Jana Manfrinov\u00e1 a Alice Wludykov\u00e1) se sv\u00fdmi \u010dty\u0159noh\u00fdmi par\u0165\u00e1ky z\u00fa\u010dastnili IMZu po\u0159\u00e1dan\u00e9ho G\u0158 HZS \u010cR. IMZ byl ur\u010den pro neatestovan\u00e9 psovody a zam\u011b\u0159en na sutinov\u00e9 vyhled\u00e1v\u00e1n\u00ed. IMZ se konal v Mimoni\/Ralsku.<\/span><\/p>\n<p><!--more--><\/p>\n<p style=\"text-align: justify;\"><span style=\"font-weight: 400;\">Jeho \u00fa\u010delem nebylo nau\u010dit psovody jak\u00fdm zp\u016fsobem tr\u00e9novat konkr\u00e9tn\u00ed situace, ale uk\u00e1zat postupy a navodit atmosf\u00e9ru podobnou re\u00e1ln\u00e9mu nasazen\u00ed ps\u016f p\u0159i hled\u00e1n\u00ed poh\u0159e\u0161ovan\u00fdch osob v sutin\u00e1ch.<\/span><\/p>\n<p style=\"text-align: justify;\"><span style=\"font-weight: 400;\">Byl rozd\u011blen na teoretickou a praktickou \u010d\u00e1st. Pr\u00e1ce na sutin\u011b prob\u00edhala jak ve dne, tak i v noci. N\u00e1sledovalo vyhodnocen\u00ed a zp\u011btn\u00e1 vazba. Psovodi i psi si mnohdy s\u00e1hli na dno sv\u00fdch fyzick\u00fdch i psychick\u00fdch sil.&nbsp;<\/span><\/p>\n<p style=\"text-align: justify;\"><span style=\"font-weight: 400;\">A jak to hodnot\u00ed samotn\u00ed \u00fa\u010dastn\u00edci?<\/span><\/p>\n<p style=\"text-align: justify;\"><span style=\"font-weight: 400;\">&#8222;U\u010dili jsme se pracovat v t\u00fdmu (3 psovodi). Pro mnoh\u00e9 to byla v\u00fdzva, jeliko\u017e to bylo poprv\u00e9. B\u011b\u017en\u011b tento typ pr\u00e1ce do tr\u00e9ninku neza\u0159azujeme.<\/span><\/p>\n<p style=\"text-align: justify;\"><span style=\"font-weight: 400;\">Po\u010das\u00ed moc nevy\u0161lo, ale praxe se nept\u00e1 jestli se ti chce nebo nechce pracovat.<\/span><\/p>\n<p style=\"text-align: justify;\"><span style=\"font-weight: 400;\">Nav\u00edc se jeden z na\u0161ich ps\u016f na sutin\u011b o\u0161kliv\u011b zranil, tak jsme si vyzkou\u0161eli i zdravotn\u00ed o\u0161et\u0159en\u00ed psa v ter\u00e9nu.&nbsp;<\/span><\/p>\n<p style=\"text-align: justify;\"><span style=\"font-weight: 400;\">Bylo to n\u00e1ro\u010dn\u00e9 ale v\u0161ichni jsme si dom\u016f odvezli mnoho poznatk\u016f, cenn\u00fdch rad a zku\u0161enost\u00ed. Poznali jsme \u0159adu stejn\u011b nad\u0161en\u00fdch lid\u00ed.<\/span><\/p>\n<p style=\"text-align: justify;\"><span style=\"font-weight: 400;\">D\u011bkujeme organiz\u00e1tor\u016fm za jejich \u010das a nervy s n\u00e1mi za\u010d\u00e1te\u010dn\u00edky. &#8222;<\/span><\/p>\n\n\n\n<p><a href=\"http:\/\/rescue-dog.cz\/wp-content\/uploads\/2024\/11\/1732221938030.jpg\"><img loading=\"lazy\" decoding=\"async\" class=\"alignnone wp-image-670 size-medium\" src=\"http:\/\/rescue-dog.cz\/wp-content\/uploads\/2024\/11\/1732221938030-225x300.jpg\" alt=\"\" width=\"225\" height=\"300\" srcset=\"http:\/\/rescue-dog.cz\/wp-content\/uploads\/2024\/11\/1732221938030-225x300.jpg 225w, http:\/\/rescue-dog.cz\/wp-content\/uploads\/2024\/11\/1732221938030-768x1024.jpg 768w, http:\/\/rescue-dog.cz\/wp-content\/uploads\/2024\/11\/1732221938030-1152x1536.jpg 1152w, http:\/\/rescue-dog.cz\/wp-content\/uploads\/2024\/11\/1732221938030-113x150.jpg 113w, http:\/\/rescue-dog.cz\/wp-content\/uploads\/2024\/11\/1732221938030.jpg 1500w\" sizes=\"auto, (max-width: 225px) 100vw, 225px\" \/><\/a> <a href=\"http:\/\/rescue-dog.cz\/wp-content\/uploads\/2024\/11\/1732221938121.jpg\"><img loading=\"lazy\" decoding=\"async\" class=\"alignnone wp-image-675 size-medium\" src=\"http:\/\/rescue-dog.cz\/wp-content\/uploads\/2024\/11\/1732221938121-225x300.jpg\" alt=\"\" width=\"225\" height=\"300\" srcset=\"http:\/\/rescue-dog.cz\/wp-content\/uploads\/2024\/11\/1732221938121-225x300.jpg 225w, http:\/\/rescue-dog.cz\/wp-content\/uploads\/2024\/11\/1732221938121-768x1024.jpg 768w, http:\/\/rescue-dog.cz\/wp-content\/uploads\/2024\/11\/1732221938121-1152x1536.jpg 1152w, http:\/\/rescue-dog.cz\/wp-content\/uploads\/2024\/11\/1732221938121-113x150.jpg 113w, http:\/\/rescue-dog.cz\/wp-content\/uploads\/2024\/11\/1732221938121.jpg 1500w\" sizes=\"auto, (max-width: 225px) 100vw, 225px\" \/><\/a> <a href=\"http:\/\/rescue-dog.cz\/wp-content\/uploads\/2024\/11\/1732221938100.jpg\"><img loading=\"lazy\" decoding=\"async\" class=\"alignnone wp-image-674 size-medium\" src=\"http:\/\/rescue-dog.cz\/wp-content\/uploads\/2024\/11\/1732221938100-225x300.jpg\" alt=\"\" width=\"225\" height=\"300\" srcset=\"http:\/\/rescue-dog.cz\/wp-content\/uploads\/2024\/11\/1732221938100-225x300.jpg 225w, http:\/\/rescue-dog.cz\/wp-content\/uploads\/2024\/11\/1732221938100-768x1024.jpg 768w, http:\/\/rescue-dog.cz\/wp-content\/uploads\/2024\/11\/1732221938100-1152x1536.jpg 1152w, http:\/\/rescue-dog.cz\/wp-content\/uploads\/2024\/11\/1732221938100-113x150.jpg 113w, http:\/\/rescue-dog.cz\/wp-content\/uploads\/2024\/11\/1732221938100.jpg 1500w\" sizes=\"auto, (max-width: 225px) 100vw, 225px\" \/><\/a> <a href=\"http:\/\/rescue-dog.cz\/wp-content\/uploads\/2024\/11\/1732221938081.jpg\"><img loading=\"lazy\" decoding=\"async\" class=\"alignnone wp-image-673 size-medium\" src=\"http:\/\/rescue-dog.cz\/wp-content\/uploads\/2024\/11\/1732221938081-300x225.jpg\" alt=\"\" width=\"300\" height=\"225\" srcset=\"http:\/\/rescue-dog.cz\/wp-content\/uploads\/2024\/11\/1732221938081-300x225.jpg 300w, http:\/\/rescue-dog.cz\/wp-content\/uploads\/2024\/11\/1732221938081-1024x768.jpg 1024w, http:\/\/rescue-dog.cz\/wp-content\/uploads\/2024\/11\/1732221938081-768x576.jpg 768w, http:\/\/rescue-dog.cz\/wp-content\/uploads\/2024\/11\/1732221938081-1536x1152.jpg 1536w, http:\/\/rescue-dog.cz\/wp-content\/uploads\/2024\/11\/1732221938081-150x113.jpg 150w, http:\/\/rescue-dog.cz\/wp-content\/uploads\/2024\/11\/1732221938081-200x150.jpg 200w, http:\/\/rescue-dog.cz\/wp-content\/uploads\/2024\/11\/1732221938081.jpg 2000w\" sizes=\"auto, (max-width: 300px) 100vw, 300px\" \/><\/a> <a href=\"http:\/\/rescue-dog.cz\/wp-content\/uploads\/2024\/11\/1732221938062.jpg\"><img loading=\"lazy\" decoding=\"async\" class=\"alignnone wp-image-672 size-medium\" src=\"http:\/\/rescue-dog.cz\/wp-content\/uploads\/2024\/11\/1732221938062-225x300.jpg\" alt=\"\" width=\"225\" height=\"300\" srcset=\"http:\/\/rescue-dog.cz\/wp-content\/uploads\/2024\/11\/1732221938062-225x300.jpg 225w, http:\/\/rescue-dog.cz\/wp-content\/uploads\/2024\/11\/1732221938062-768x1024.jpg 768w, http:\/\/rescue-dog.cz\/wp-content\/uploads\/2024\/11\/1732221938062-1152x1536.jpg 1152w, http:\/\/rescue-dog.cz\/wp-content\/uploads\/2024\/11\/1732221938062-113x150.jpg 113w, http:\/\/rescue-dog.cz\/wp-content\/uploads\/2024\/11\/1732221938062.jpg 1500w\" sizes=\"auto, (max-width: 225px) 100vw, 225px\" \/><\/a> <a href=\"http:\/\/rescue-dog.cz\/wp-content\/uploads\/2024\/11\/1732221938045.jpg\"><img loading=\"lazy\" decoding=\"async\" class=\"alignnone wp-image-671 size-medium\" src=\"http:\/\/rescue-dog.cz\/wp-content\/uploads\/2024\/11\/1732221938045-300x225.jpg\" alt=\"\" width=\"300\" height=\"225\" srcset=\"http:\/\/rescue-dog.cz\/wp-content\/uploads\/2024\/11\/1732221938045-300x225.jpg 300w, http:\/\/rescue-dog.cz\/wp-content\/uploads\/2024\/11\/1732221938045-1024x768.jpg 1024w, http:\/\/rescue-dog.cz\/wp-content\/uploads\/2024\/11\/1732221938045-768x576.jpg 768w, http:\/\/rescue-dog.cz\/wp-content\/uploads\/2024\/11\/1732221938045-1536x1152.jpg 1536w, http:\/\/rescue-dog.cz\/wp-content\/uploads\/2024\/11\/1732221938045-150x113.jpg 150w, http:\/\/rescue-dog.cz\/wp-content\/uploads\/2024\/11\/1732221938045-200x150.jpg 200w, http:\/\/rescue-dog.cz\/wp-content\/uploads\/2024\/11\/1732221938045.jpg 2000w\" sizes=\"auto, (max-width: 300px) 100vw, 300px\" \/><\/a><\/p>\n<p class=\"bawpvc-ajax-counter\" data-id=\"664\">Zobrazeno: 152 kr\u00e1t<\/p><div class='watch-action'><div class='watch-position align-right'><div class='action-like'><a class='lbg-style3 like-664 jlk' href='javascript:void(0)' data-task='like' data-post_id='664' data-nonce='4ab0c834a3' rel='nofollow'><img class='wti-pixel' src='http:\/\/rescue-dog.cz\/wp-content\/plugins\/wti-like-post\/images\/pixel.gif' title='L\u00edb\u00ed' \/><span class='lc-664 lc'>0<\/span><\/a><\/div><div class='action-unlike'><a class='unlbg-style3 unlike-664 jlk' href='javascript:void(0)' data-task='unlike' data-post_id='664' data-nonce='4ab0c834a3' rel='nofollow'><img class='wti-pixel' src='http:\/\/rescue-dog.cz\/wp-content\/plugins\/wti-like-post\/images\/pixel.gif' title='Nel\u00edb\u00ed' \/><span class='unlc-664 unlc'>0<\/span><\/a><\/div> <\/div> <div class='status-664 status align-right'><\/div><\/div><div class='wti-clear'><\/div>","protected":false},"excerpt":{"rendered":"<p>Minul\u00fd t\u00fdden se \u010dty\u0159i na\u0161i \u010dlenov\u00e9 (Marek Dehner, Kate\u0159ina Honusov\u00e1, Jana Manfrinov\u00e1 a Alice Wludykov\u00e1) se sv\u00fdmi \u010dty\u0159noh\u00fdmi par\u0165\u00e1ky z\u00fa\u010dastnili IMZu po\u0159\u00e1dan\u00e9ho G\u0158 HZS \u010cR. IMZ byl ur\u010den pro neatestovan\u00e9 psovody a zam\u011b\u0159en na sutinov\u00e9 vyhled\u00e1v\u00e1n\u00ed. IMZ se konal v Mimoni\/Ralsku. Zobrazeno: 152 kr\u00e1t 0 0<\/p>\n","protected":false},"author":2,"featured_media":674,"comment_status":"closed","ping_status":"open","sticky":false,"template":"","format":"standard","meta":{"ngg_post_thumbnail":0,"footnotes":""},"categories":[4],"tags":[7],"class_list":["post-664","post","type-post","status-publish","format-standard","has-post-thumbnail","hentry","category-novinky","tag-vycvik"],"yoast_head":"<!-- This site is optimized with the Yoast SEO plugin v26.8 - https:\/\/yoast.com\/product\/yoast-seo-wordpress\/ -->\n<title>Sutinov\u00fd IMZ v Mimoni - rescue-dog.cz<\/title>\n<meta name=\"robots\" content=\"index, follow, max-snippet:-1, max-image-preview:large, max-video-preview:-1\" \/>\n<link rel=\"canonical\" href=\"https:\/\/rescue-dog.cz\/sutinovy-imz-v-mimoni\/\" \/>\n<meta property=\"og:locale\" content=\"cs_CZ\" \/>\n<meta property=\"og:type\" content=\"article\" \/>\n<meta property=\"og:title\" content=\"Sutinov\u00fd IMZ v Mimoni - rescue-dog.cz\" \/>\n<meta property=\"og:description\" content=\"Minul\u00fd t\u00fdden se \u010dty\u0159i na\u0161i \u010dlenov\u00e9 (Marek Dehner, Kate\u0159ina Honusov\u00e1, Jana Manfrinov\u00e1 a Alice Wludykov\u00e1) se sv\u00fdmi \u010dty\u0159noh\u00fdmi par\u0165\u00e1ky z\u00fa\u010dastnili IMZu po\u0159\u00e1dan\u00e9ho G\u0158 HZS \u010cR. IMZ byl ur\u010den pro neatestovan\u00e9 psovody a zam\u011b\u0159en na sutinov\u00e9 vyhled\u00e1v\u00e1n\u00ed. IMZ se konal v Mimoni\/Ralsku. Zobrazeno: 152 kr\u00e1t 0 0\" \/>\n<meta property=\"og:url\" content=\"https:\/\/rescue-dog.cz\/sutinovy-imz-v-mimoni\/\" \/>\n<meta property=\"og:site_name\" content=\"rescue-dog.cz\" \/>\n<meta property=\"article:published_time\" content=\"2024-11-21T20:43:22+00:00\" \/>\n<meta property=\"article:modified_time\" content=\"2026-01-14T15:35:57+00:00\" \/>\n<meta property=\"og:image\" content=\"https:\/\/rescue-dog.cz\/wp-content\/uploads\/2024\/11\/1732221938100.jpg\" \/>\n\t<meta property=\"og:image:width\" content=\"1500\" \/>\n\t<meta property=\"og:image:height\" content=\"2000\" \/>\n\t<meta property=\"og:image:type\" content=\"image\/jpeg\" \/>\n<meta name=\"author\" content=\"Marek Dehner\" \/>\n<meta name=\"twitter:card\" content=\"summary_large_image\" \/>\n<meta name=\"twitter:label1\" content=\"Napsal(a)\" \/>\n\t<meta name=\"twitter:data1\" content=\"Marek Dehner\" \/>\n\t<meta name=\"twitter:label2\" content=\"Odhadovan\u00e1 doba \u010dten\u00ed\" \/>\n\t<meta name=\"twitter:data2\" content=\"3 minuty\" \/>\n<script type=\"application\/ld+json\" class=\"yoast-schema-graph\">{\"@context\":\"https:\/\/schema.org\",\"@graph\":[{\"@type\":\"Article\",\"@id\":\"https:\/\/rescue-dog.cz\/sutinovy-imz-v-mimoni\/#article\",\"isPartOf\":{\"@id\":\"https:\/\/rescue-dog.cz\/sutinovy-imz-v-mimoni\/\"},\"author\":{\"name\":\"Marek Dehner\",\"@id\":\"http:\/\/rescue-dog.cz\/#\/schema\/person\/7f9e7c821a3d01df60ffb75390c85772\"},\"headline\":\"Sutinov\u00fd IMZ v Mimoni\",\"datePublished\":\"2024-11-21T20:43:22+00:00\",\"dateModified\":\"2026-01-14T15:35:57+00:00\",\"mainEntityOfPage\":{\"@id\":\"https:\/\/rescue-dog.cz\/sutinovy-imz-v-mimoni\/\"},\"wordCount\":274,\"image\":{\"@id\":\"https:\/\/rescue-dog.cz\/sutinovy-imz-v-mimoni\/#primaryimage\"},\"thumbnailUrl\":\"http:\/\/rescue-dog.cz\/wp-content\/uploads\/2024\/11\/1732221938100.jpg\",\"keywords\":[\"v\u00fdcvik\"],\"articleSection\":[\"Novinky\"],\"inLanguage\":\"cs\"},{\"@type\":\"WebPage\",\"@id\":\"https:\/\/rescue-dog.cz\/sutinovy-imz-v-mimoni\/\",\"url\":\"https:\/\/rescue-dog.cz\/sutinovy-imz-v-mimoni\/\",\"name\":\"Sutinov\u00fd IMZ v Mimoni - rescue-dog.cz\",\"isPartOf\":{\"@id\":\"http:\/\/rescue-dog.cz\/#website\"},\"primaryImageOfPage\":{\"@id\":\"https:\/\/rescue-dog.cz\/sutinovy-imz-v-mimoni\/#primaryimage\"},\"image\":{\"@id\":\"https:\/\/rescue-dog.cz\/sutinovy-imz-v-mimoni\/#primaryimage\"},\"thumbnailUrl\":\"http:\/\/rescue-dog.cz\/wp-content\/uploads\/2024\/11\/1732221938100.jpg\",\"datePublished\":\"2024-11-21T20:43:22+00:00\",\"dateModified\":\"2026-01-14T15:35:57+00:00\",\"author\":{\"@id\":\"http:\/\/rescue-dog.cz\/#\/schema\/person\/7f9e7c821a3d01df60ffb75390c85772\"},\"breadcrumb\":{\"@id\":\"https:\/\/rescue-dog.cz\/sutinovy-imz-v-mimoni\/#breadcrumb\"},\"inLanguage\":\"cs\",\"potentialAction\":[{\"@type\":\"ReadAction\",\"target\":[\"https:\/\/rescue-dog.cz\/sutinovy-imz-v-mimoni\/\"]}]},{\"@type\":\"ImageObject\",\"inLanguage\":\"cs\",\"@id\":\"https:\/\/rescue-dog.cz\/sutinovy-imz-v-mimoni\/#primaryimage\",\"url\":\"http:\/\/rescue-dog.cz\/wp-content\/uploads\/2024\/11\/1732221938100.jpg\",\"contentUrl\":\"http:\/\/rescue-dog.cz\/wp-content\/uploads\/2024\/11\/1732221938100.jpg\",\"width\":1500,\"height\":2000},{\"@type\":\"BreadcrumbList\",\"@id\":\"https:\/\/rescue-dog.cz\/sutinovy-imz-v-mimoni\/#breadcrumb\",\"itemListElement\":[{\"@type\":\"ListItem\",\"position\":1,\"name\":\"Dom\u016f\",\"item\":\"http:\/\/rescue-dog.cz\/\"},{\"@type\":\"ListItem\",\"position\":2,\"name\":\"Sutinov\u00fd IMZ v Mimoni\"}]},{\"@type\":\"WebSite\",\"@id\":\"http:\/\/rescue-dog.cz\/#website\",\"url\":\"http:\/\/rescue-dog.cz\/\",\"name\":\"rescue-dog.cz\",\"description\":\"Z\u00e1chrann\u00e1 kynologick\u00e1 stanice Pood\u0159\u00ed\",\"potentialAction\":[{\"@type\":\"SearchAction\",\"target\":{\"@type\":\"EntryPoint\",\"urlTemplate\":\"http:\/\/rescue-dog.cz\/?s={search_term_string}\"},\"query-input\":{\"@type\":\"PropertyValueSpecification\",\"valueRequired\":true,\"valueName\":\"search_term_string\"}}],\"inLanguage\":\"cs\"},{\"@type\":\"Person\",\"@id\":\"http:\/\/rescue-dog.cz\/#\/schema\/person\/7f9e7c821a3d01df60ffb75390c85772\",\"name\":\"Marek Dehner\",\"image\":{\"@type\":\"ImageObject\",\"inLanguage\":\"cs\",\"@id\":\"http:\/\/rescue-dog.cz\/#\/schema\/person\/image\/\",\"url\":\"https:\/\/secure.gravatar.com\/avatar\/924d7375fce6a8cda2dc6aaf9142f7beab91609786fc8e07396eeddc42fdabe8?s=96&d=mm&r=g\",\"contentUrl\":\"https:\/\/secure.gravatar.com\/avatar\/924d7375fce6a8cda2dc6aaf9142f7beab91609786fc8e07396eeddc42fdabe8?s=96&d=mm&r=g\",\"caption\":\"Marek Dehner\"},\"url\":\"http:\/\/rescue-dog.cz\/author\/marek-dehner\/\"}]}<\/script>\n<!-- \/ Yoast SEO plugin. -->","yoast_head_json":{"title":"Sutinov\u00fd IMZ v Mimoni - rescue-dog.cz","robots":{"index":"index","follow":"follow","max-snippet":"max-snippet:-1","max-image-preview":"max-image-preview:large","max-video-preview":"max-video-preview:-1"},"canonical":"https:\/\/rescue-dog.cz\/sutinovy-imz-v-mimoni\/","og_locale":"cs_CZ","og_type":"article","og_title":"Sutinov\u00fd IMZ v Mimoni - rescue-dog.cz","og_description":"Minul\u00fd t\u00fdden se \u010dty\u0159i na\u0161i \u010dlenov\u00e9 (Marek Dehner, Kate\u0159ina Honusov\u00e1, Jana Manfrinov\u00e1 a Alice Wludykov\u00e1) se sv\u00fdmi \u010dty\u0159noh\u00fdmi par\u0165\u00e1ky z\u00fa\u010dastnili IMZu po\u0159\u00e1dan\u00e9ho G\u0158 HZS \u010cR. IMZ byl ur\u010den pro neatestovan\u00e9 psovody a zam\u011b\u0159en na sutinov\u00e9 vyhled\u00e1v\u00e1n\u00ed. IMZ se konal v Mimoni\/Ralsku. Zobrazeno: 152 kr\u00e1t 0 0","og_url":"https:\/\/rescue-dog.cz\/sutinovy-imz-v-mimoni\/","og_site_name":"rescue-dog.cz","article_published_time":"2024-11-21T20:43:22+00:00","article_modified_time":"2026-01-14T15:35:57+00:00","og_image":[{"width":1500,"height":2000,"url":"https:\/\/rescue-dog.cz\/wp-content\/uploads\/2024\/11\/1732221938100.jpg","type":"image\/jpeg"}],"author":"Marek Dehner","twitter_card":"summary_large_image","twitter_misc":{"Napsal(a)":"Marek Dehner","Odhadovan\u00e1 doba \u010dten\u00ed":"3 minuty"},"schema":{"@context":"https:\/\/schema.org","@graph":[{"@type":"Article","@id":"https:\/\/rescue-dog.cz\/sutinovy-imz-v-mimoni\/#article","isPartOf":{"@id":"https:\/\/rescue-dog.cz\/sutinovy-imz-v-mimoni\/"},"author":{"name":"Marek Dehner","@id":"http:\/\/rescue-dog.cz\/#\/schema\/person\/7f9e7c821a3d01df60ffb75390c85772"},"headline":"Sutinov\u00fd IMZ v Mimoni","datePublished":"2024-11-21T20:43:22+00:00","dateModified":"2026-01-14T15:35:57+00:00","mainEntityOfPage":{"@id":"https:\/\/rescue-dog.cz\/sutinovy-imz-v-mimoni\/"},"wordCount":274,"image":{"@id":"https:\/\/rescue-dog.cz\/sutinovy-imz-v-mimoni\/#primaryimage"},"thumbnailUrl":"http:\/\/rescue-dog.cz\/wp-content\/uploads\/2024\/11\/1732221938100.jpg","keywords":["v\u00fdcvik"],"articleSection":["Novinky"],"inLanguage":"cs"},{"@type":"WebPage","@id":"https:\/\/rescue-dog.cz\/sutinovy-imz-v-mimoni\/","url":"https:\/\/rescue-dog.cz\/sutinovy-imz-v-mimoni\/","name":"Sutinov\u00fd IMZ v Mimoni - rescue-dog.cz","isPartOf":{"@id":"http:\/\/rescue-dog.cz\/#website"},"primaryImageOfPage":{"@id":"https:\/\/rescue-dog.cz\/sutinovy-imz-v-mimoni\/#primaryimage"},"image":{"@id":"https:\/\/rescue-dog.cz\/sutinovy-imz-v-mimoni\/#primaryimage"},"thumbnailUrl":"http:\/\/rescue-dog.cz\/wp-content\/uploads\/2024\/11\/1732221938100.jpg","datePublished":"2024-11-21T20:43:22+00:00","dateModified":"2026-01-14T15:35:57+00:00","author":{"@id":"http:\/\/rescue-dog.cz\/#\/schema\/person\/7f9e7c821a3d01df60ffb75390c85772"},"breadcrumb":{"@id":"https:\/\/rescue-dog.cz\/sutinovy-imz-v-mimoni\/#breadcrumb"},"inLanguage":"cs","potentialAction":[{"@type":"ReadAction","target":["https:\/\/rescue-dog.cz\/sutinovy-imz-v-mimoni\/"]}]},{"@type":"ImageObject","inLanguage":"cs","@id":"https:\/\/rescue-dog.cz\/sutinovy-imz-v-mimoni\/#primaryimage","url":"http:\/\/rescue-dog.cz\/wp-content\/uploads\/2024\/11\/1732221938100.jpg","contentUrl":"http:\/\/rescue-dog.cz\/wp-content\/uploads\/2024\/11\/1732221938100.jpg","width":1500,"height":2000},{"@type":"BreadcrumbList","@id":"https:\/\/rescue-dog.cz\/sutinovy-imz-v-mimoni\/#breadcrumb","itemListElement":[{"@type":"ListItem","position":1,"name":"Dom\u016f","item":"http:\/\/rescue-dog.cz\/"},{"@type":"ListItem","position":2,"name":"Sutinov\u00fd IMZ v Mimoni"}]},{"@type":"WebSite","@id":"http:\/\/rescue-dog.cz\/#website","url":"http:\/\/rescue-dog.cz\/","name":"rescue-dog.cz","description":"Z\u00e1chrann\u00e1 kynologick\u00e1 stanice Pood\u0159\u00ed","potentialAction":[{"@type":"SearchAction","target":{"@type":"EntryPoint","urlTemplate":"http:\/\/rescue-dog.cz\/?s={search_term_string}"},"query-input":{"@type":"PropertyValueSpecification","valueRequired":true,"valueName":"search_term_string"}}],"inLanguage":"cs"},{"@type":"Person","@id":"http:\/\/rescue-dog.cz\/#\/schema\/person\/7f9e7c821a3d01df60ffb75390c85772","name":"Marek Dehner","image":{"@type":"ImageObject","inLanguage":"cs","@id":"http:\/\/rescue-dog.cz\/#\/schema\/person\/image\/","url":"https:\/\/secure.gravatar.com\/avatar\/924d7375fce6a8cda2dc6aaf9142f7beab91609786fc8e07396eeddc42fdabe8?s=96&d=mm&r=g","contentUrl":"https:\/\/secure.gravatar.com\/avatar\/924d7375fce6a8cda2dc6aaf9142f7beab91609786fc8e07396eeddc42fdabe8?s=96&d=mm&r=g","caption":"Marek Dehner"},"url":"http:\/\/rescue-dog.cz\/author\/marek-dehner\/"}]}},"_links":{"self":[{"href":"http:\/\/rescue-dog.cz\/wp-json\/wp\/v2\/posts\/664","targetHints":{"allow":["GET"]}}],"collection":[{"href":"http:\/\/rescue-dog.cz\/wp-json\/wp\/v2\/posts"}],"about":[{"href":"http:\/\/rescue-dog.cz\/wp-json\/wp\/v2\/types\/post"}],"author":[{"embeddable":true,"href":"http:\/\/rescue-dog.cz\/wp-json\/wp\/v2\/users\/2"}],"replies":[{"embeddable":true,"href":"http:\/\/rescue-dog.cz\/wp-json\/wp\/v2\/comments?post=664"}],"version-history":[{"count":6,"href":"http:\/\/rescue-dog.cz\/wp-json\/wp\/v2\/posts\/664\/revisions"}],"predecessor-version":[{"id":677,"href":"http:\/\/rescue-dog.cz\/wp-json\/wp\/v2\/posts\/664\/revisions\/677"}],"wp:featuredmedia":[{"embeddable":true,"href":"http:\/\/rescue-dog.cz\/wp-json\/wp\/v2\/media\/674"}],"wp:attachment":[{"href":"http:\/\/rescue-dog.cz\/wp-json\/wp\/v2\/media?parent=664"}],"wp:term":[{"taxonomy":"category","embeddable":true,"href":"http:\/\/rescue-dog.cz\/wp-json\/wp\/v2\/categories?post=664"},{"taxonomy":"post_tag","embeddable":true,"href":"http:\/\/rescue-dog.cz\/wp-json\/wp\/v2\/tags?post=664"}],"curies":[{"name":"wp","href":"https:\/\/api.w.org\/{rel}","templated":true}]}},{"id":542,"date":"2024-06-12T07:34:37","date_gmt":"2024-06-12T05:34:37","guid":{"rendered":"https:\/\/rescue-dog.cz\/?p=542"},"modified":"2026-01-14T16:36:30","modified_gmt":"2026-01-14T15:36:30","slug":"den-s-izs-2024","status":"publish","type":"post","link":"http:\/\/rescue-dog.cz\/den-s-izs-2024\/","title":{"rendered":"Den s IZS 2024"},"content":{"rendered":"\n\n\n<p style=\"text-align: justify;\">Ve \u010dtvrtek 6. \u010dervna se dva na\u0161i \u010dlenov\u00e9 (Marek Dehner a Marcela Sliack\u00e1) z\u00fa\u010dastnili se sv\u00fdmi par\u0165\u00e1ky tradi\u010dn\u00ed hlu\u010d\u00ednsk\u00e9 akce Den s IZS.<!--more--><\/p>\n<p style=\"text-align: justify;\">Akce je koncipovan\u00e1 pro \u017e\u00e1ky m\u00edstn\u00edch z\u00e1kladn\u00edch \u0161kol, jako uk\u00e1zka techniky, pr\u00e1ce a spolupr\u00e1ce v\u0161ech slo\u017eek integrovan\u00e9ho z\u00e1chrann\u00e9ho syst\u00e9mu.<\/p>\n<p style=\"text-align: justify;\">Na\u0161i psi uk\u00e1zali p\u0159\u00edtomn\u00fdm (nejen) d\u011btem, \u017ee v\u00fdchova a v\u00fdcvik psa m\u016f\u017ee b\u00fdt z\u00e1bavn\u00fd pro ob\u011b strany vod\u00edtka.<\/p>\n<p style=\"text-align: justify;\">Nakonec jsme si d\u00edky <a href=\"http:\/\/www.vzsostrava.cz\/\" target=\"_blank\" rel=\"noopener\">Vodn\u00ed z\u00e1chrann\u00e9 slu\u017eb\u011b Ostrava<\/a> vyzkou\u0161eli plavbu ve \u010dlunu po hlu\u010d\u00ednsk\u00e9 \u0161t\u011brkovn\u011b.<\/p>\n<p><a href=\"http:\/\/rescue-dog.cz\/wp-content\/uploads\/2024\/06\/IZS_01-scaled.jpg\"><img loading=\"lazy\" decoding=\"async\" class=\"alignnone size-medium wp-image-543\" src=\"http:\/\/rescue-dog.cz\/wp-content\/uploads\/2024\/06\/IZS_01-300x225.jpg\" alt=\"\" width=\"300\" height=\"225\" srcset=\"http:\/\/rescue-dog.cz\/wp-content\/uploads\/2024\/06\/IZS_01-300x225.jpg 300w, http:\/\/rescue-dog.cz\/wp-content\/uploads\/2024\/06\/IZS_01-1024x768.jpg 1024w, http:\/\/rescue-dog.cz\/wp-content\/uploads\/2024\/06\/IZS_01-768x576.jpg 768w, http:\/\/rescue-dog.cz\/wp-content\/uploads\/2024\/06\/IZS_01-1536x1152.jpg 1536w, http:\/\/rescue-dog.cz\/wp-content\/uploads\/2024\/06\/IZS_01-2048x1536.jpg 2048w, http:\/\/rescue-dog.cz\/wp-content\/uploads\/2024\/06\/IZS_01-150x113.jpg 150w, http:\/\/rescue-dog.cz\/wp-content\/uploads\/2024\/06\/IZS_01-200x150.jpg 200w\" sizes=\"auto, (max-width: 300px) 100vw, 300px\" \/><\/a> <a href=\"http:\/\/rescue-dog.cz\/wp-content\/uploads\/2024\/06\/IZS_02-scaled.jpg\"><img loading=\"lazy\" decoding=\"async\" class=\"alignnone wp-image-544 size-medium\" src=\"http:\/\/rescue-dog.cz\/wp-content\/uploads\/2024\/06\/IZS_02-300x225.jpg\" alt=\"\" width=\"300\" height=\"225\" srcset=\"http:\/\/rescue-dog.cz\/wp-content\/uploads\/2024\/06\/IZS_02-300x225.jpg 300w, http:\/\/rescue-dog.cz\/wp-content\/uploads\/2024\/06\/IZS_02-1024x768.jpg 1024w, http:\/\/rescue-dog.cz\/wp-content\/uploads\/2024\/06\/IZS_02-768x576.jpg 768w, http:\/\/rescue-dog.cz\/wp-content\/uploads\/2024\/06\/IZS_02-1536x1152.jpg 1536w, http:\/\/rescue-dog.cz\/wp-content\/uploads\/2024\/06\/IZS_02-2048x1536.jpg 2048w, http:\/\/rescue-dog.cz\/wp-content\/uploads\/2024\/06\/IZS_02-150x113.jpg 150w, http:\/\/rescue-dog.cz\/wp-content\/uploads\/2024\/06\/IZS_02-200x150.jpg 200w\" sizes=\"auto, (max-width: 300px) 100vw, 300px\" \/><\/a> <a href=\"http:\/\/rescue-dog.cz\/wp-content\/uploads\/2024\/06\/IZS_03-scaled.jpg\"><img loading=\"lazy\" decoding=\"async\" class=\"alignnone wp-image-545 size-medium\" src=\"http:\/\/rescue-dog.cz\/wp-content\/uploads\/2024\/06\/IZS_03-300x225.jpg\" alt=\"\" width=\"300\" height=\"225\" srcset=\"http:\/\/rescue-dog.cz\/wp-content\/uploads\/2024\/06\/IZS_03-300x225.jpg 300w, http:\/\/rescue-dog.cz\/wp-content\/uploads\/2024\/06\/IZS_03-1024x768.jpg 1024w, http:\/\/rescue-dog.cz\/wp-content\/uploads\/2024\/06\/IZS_03-768x576.jpg 768w, http:\/\/rescue-dog.cz\/wp-content\/uploads\/2024\/06\/IZS_03-1536x1152.jpg 1536w, http:\/\/rescue-dog.cz\/wp-content\/uploads\/2024\/06\/IZS_03-2048x1536.jpg 2048w, http:\/\/rescue-dog.cz\/wp-content\/uploads\/2024\/06\/IZS_03-150x113.jpg 150w, http:\/\/rescue-dog.cz\/wp-content\/uploads\/2024\/06\/IZS_03-200x150.jpg 200w\" sizes=\"auto, (max-width: 300px) 100vw, 300px\" \/><\/a> <a href=\"http:\/\/rescue-dog.cz\/wp-content\/uploads\/2024\/06\/IZS_04-scaled.jpg\"><img loading=\"lazy\" decoding=\"async\" class=\"alignnone wp-image-546 size-medium\" src=\"http:\/\/rescue-dog.cz\/wp-content\/uploads\/2024\/06\/IZS_04-300x225.jpg\" alt=\"\" width=\"300\" height=\"225\" srcset=\"http:\/\/rescue-dog.cz\/wp-content\/uploads\/2024\/06\/IZS_04-300x225.jpg 300w, http:\/\/rescue-dog.cz\/wp-content\/uploads\/2024\/06\/IZS_04-1024x768.jpg 1024w, http:\/\/rescue-dog.cz\/wp-content\/uploads\/2024\/06\/IZS_04-768x576.jpg 768w, http:\/\/rescue-dog.cz\/wp-content\/uploads\/2024\/06\/IZS_04-1536x1152.jpg 1536w, http:\/\/rescue-dog.cz\/wp-content\/uploads\/2024\/06\/IZS_04-2048x1536.jpg 2048w, http:\/\/rescue-dog.cz\/wp-content\/uploads\/2024\/06\/IZS_04-150x113.jpg 150w, http:\/\/rescue-dog.cz\/wp-content\/uploads\/2024\/06\/IZS_04-200x150.jpg 200w\" sizes=\"auto, (max-width: 300px) 100vw, 300px\" \/><\/a> <a href=\"http:\/\/rescue-dog.cz\/wp-content\/uploads\/2024\/06\/IZS_05-scaled.jpg\"><img loading=\"lazy\" decoding=\"async\" class=\"alignnone wp-image-547 size-medium\" src=\"http:\/\/rescue-dog.cz\/wp-content\/uploads\/2024\/06\/IZS_05-300x225.jpg\" alt=\"\" width=\"300\" height=\"225\" srcset=\"http:\/\/rescue-dog.cz\/wp-content\/uploads\/2024\/06\/IZS_05-300x225.jpg 300w, http:\/\/rescue-dog.cz\/wp-content\/uploads\/2024\/06\/IZS_05-1024x768.jpg 1024w, http:\/\/rescue-dog.cz\/wp-content\/uploads\/2024\/06\/IZS_05-768x576.jpg 768w, http:\/\/rescue-dog.cz\/wp-content\/uploads\/2024\/06\/IZS_05-1536x1152.jpg 1536w, http:\/\/rescue-dog.cz\/wp-content\/uploads\/2024\/06\/IZS_05-2048x1536.jpg 2048w, http:\/\/rescue-dog.cz\/wp-content\/uploads\/2024\/06\/IZS_05-150x113.jpg 150w, http:\/\/rescue-dog.cz\/wp-content\/uploads\/2024\/06\/IZS_05-200x150.jpg 200w\" sizes=\"auto, (max-width: 300px) 100vw, 300px\" \/><\/a> <a href=\"http:\/\/rescue-dog.cz\/wp-content\/uploads\/2024\/06\/IZS_06-scaled.jpg\"><img loading=\"lazy\" decoding=\"async\" class=\"alignnone wp-image-548 size-medium\" src=\"http:\/\/rescue-dog.cz\/wp-content\/uploads\/2024\/06\/IZS_06-225x300.jpg\" alt=\"\" width=\"225\" height=\"300\" srcset=\"http:\/\/rescue-dog.cz\/wp-content\/uploads\/2024\/06\/IZS_06-225x300.jpg 225w, http:\/\/rescue-dog.cz\/wp-content\/uploads\/2024\/06\/IZS_06-768x1024.jpg 768w, http:\/\/rescue-dog.cz\/wp-content\/uploads\/2024\/06\/IZS_06-1152x1536.jpg 1152w, http:\/\/rescue-dog.cz\/wp-content\/uploads\/2024\/06\/IZS_06-1536x2048.jpg 1536w, http:\/\/rescue-dog.cz\/wp-content\/uploads\/2024\/06\/IZS_06-113x150.jpg 113w, http:\/\/rescue-dog.cz\/wp-content\/uploads\/2024\/06\/IZS_06-scaled.jpg 1920w\" sizes=\"auto, (max-width: 225px) 100vw, 225px\" \/><\/a> <a href=\"http:\/\/rescue-dog.cz\/wp-content\/uploads\/2024\/06\/IZS_07-scaled.jpg\"><img loading=\"lazy\" decoding=\"async\" class=\"alignnone wp-image-549 size-medium\" src=\"http:\/\/rescue-dog.cz\/wp-content\/uploads\/2024\/06\/IZS_07-300x225.jpg\" alt=\"\" width=\"300\" height=\"225\" srcset=\"http:\/\/rescue-dog.cz\/wp-content\/uploads\/2024\/06\/IZS_07-300x225.jpg 300w, http:\/\/rescue-dog.cz\/wp-content\/uploads\/2024\/06\/IZS_07-1024x768.jpg 1024w, http:\/\/rescue-dog.cz\/wp-content\/uploads\/2024\/06\/IZS_07-768x576.jpg 768w, http:\/\/rescue-dog.cz\/wp-content\/uploads\/2024\/06\/IZS_07-1536x1152.jpg 1536w, http:\/\/rescue-dog.cz\/wp-content\/uploads\/2024\/06\/IZS_07-2048x1536.jpg 2048w, http:\/\/rescue-dog.cz\/wp-content\/uploads\/2024\/06\/IZS_07-150x113.jpg 150w, http:\/\/rescue-dog.cz\/wp-content\/uploads\/2024\/06\/IZS_07-200x150.jpg 200w\" sizes=\"auto, (max-width: 300px) 100vw, 300px\" \/><\/a><\/p>\n<p class=\"bawpvc-ajax-counter\" data-id=\"542\">Zobrazeno: 50 kr\u00e1t<\/p><div class='watch-action'><div class='watch-position align-right'><div class='action-like'><a class='lbg-style3 like-542 jlk' href='javascript:void(0)' data-task='like' data-post_id='542' data-nonce='4ab0c834a3' rel='nofollow'><img class='wti-pixel' src='http:\/\/rescue-dog.cz\/wp-content\/plugins\/wti-like-post\/images\/pixel.gif' title='L\u00edb\u00ed' \/><span class='lc-542 lc'>0<\/span><\/a><\/div><div class='action-unlike'><a class='unlbg-style3 unlike-542 jlk' href='javascript:void(0)' data-task='unlike' data-post_id='542' data-nonce='4ab0c834a3' rel='nofollow'><img class='wti-pixel' src='http:\/\/rescue-dog.cz\/wp-content\/plugins\/wti-like-post\/images\/pixel.gif' title='Nel\u00edb\u00ed' \/><span class='unlc-542 unlc'>0<\/span><\/a><\/div> <\/div> <div class='status-542 status align-right'><\/div><\/div><div class='wti-clear'><\/div>","protected":false},"excerpt":{"rendered":"<p>Ve \u010dtvrtek 6. \u010dervna se dva na\u0161i \u010dlenov\u00e9 (Marek Dehner a Marcela Sliack\u00e1) z\u00fa\u010dastnili se sv\u00fdmi par\u0165\u00e1ky tradi\u010dn\u00ed hlu\u010d\u00ednsk\u00e9 akce Den s IZS. Zobrazeno: 50 kr\u00e1t 0 0<\/p>\n","protected":false},"author":2,"featured_media":0,"comment_status":"closed","ping_status":"open","sticky":false,"template":"","format":"standard","meta":{"ngg_post_thumbnail":0,"footnotes":""},"categories":[4],"tags":[23],"class_list":["post-542","post","type-post","status-publish","format-standard","hentry","category-novinky","tag-ukazka"],"yoast_head":"<!-- This site is optimized with the Yoast SEO plugin v26.8 - https:\/\/yoast.com\/product\/yoast-seo-wordpress\/ -->\n<title>Den s IZS 2024 - rescue-dog.cz<\/title>\n<meta name=\"robots\" content=\"index, follow, max-snippet:-1, max-image-preview:large, max-video-preview:-1\" \/>\n<link rel=\"canonical\" href=\"https:\/\/rescue-dog.cz\/den-s-izs-2024\/\" \/>\n<meta property=\"og:locale\" content=\"cs_CZ\" \/>\n<meta property=\"og:type\" content=\"article\" \/>\n<meta property=\"og:title\" content=\"Den s IZS 2024 - rescue-dog.cz\" \/>\n<meta property=\"og:description\" content=\"Ve \u010dtvrtek 6. \u010dervna se dva na\u0161i \u010dlenov\u00e9 (Marek Dehner a Marcela Sliack\u00e1) z\u00fa\u010dastnili se sv\u00fdmi par\u0165\u00e1ky tradi\u010dn\u00ed hlu\u010d\u00ednsk\u00e9 akce Den s IZS. Zobrazeno: 50 kr\u00e1t 0 0\" \/>\n<meta property=\"og:url\" content=\"https:\/\/rescue-dog.cz\/den-s-izs-2024\/\" \/>\n<meta property=\"og:site_name\" content=\"rescue-dog.cz\" \/>\n<meta property=\"article:published_time\" content=\"2024-06-12T05:34:37+00:00\" \/>\n<meta property=\"article:modified_time\" content=\"2026-01-14T15:36:30+00:00\" \/>\n<meta property=\"og:image\" content=\"http:\/\/rescue-dog.cz\/wp-content\/uploads\/2024\/06\/IZS_01-300x225.jpg\" \/>\n<meta name=\"author\" content=\"Marek Dehner\" \/>\n<meta name=\"twitter:card\" content=\"summary_large_image\" \/>\n<meta name=\"twitter:label1\" content=\"Napsal(a)\" \/>\n\t<meta name=\"twitter:data1\" content=\"Marek Dehner\" \/>\n\t<meta name=\"twitter:label2\" content=\"Odhadovan\u00e1 doba \u010dten\u00ed\" \/>\n\t<meta name=\"twitter:data2\" content=\"2 minuty\" \/>\n<script type=\"application\/ld+json\" class=\"yoast-schema-graph\">{\"@context\":\"https:\/\/schema.org\",\"@graph\":[{\"@type\":\"Article\",\"@id\":\"https:\/\/rescue-dog.cz\/den-s-izs-2024\/#article\",\"isPartOf\":{\"@id\":\"https:\/\/rescue-dog.cz\/den-s-izs-2024\/\"},\"author\":{\"name\":\"Marek Dehner\",\"@id\":\"http:\/\/rescue-dog.cz\/#\/schema\/person\/7f9e7c821a3d01df60ffb75390c85772\"},\"headline\":\"Den s IZS 2024\",\"datePublished\":\"2024-06-12T05:34:37+00:00\",\"dateModified\":\"2026-01-14T15:36:30+00:00\",\"mainEntityOfPage\":{\"@id\":\"https:\/\/rescue-dog.cz\/den-s-izs-2024\/\"},\"wordCount\":113,\"image\":{\"@id\":\"https:\/\/rescue-dog.cz\/den-s-izs-2024\/#primaryimage\"},\"thumbnailUrl\":\"http:\/\/rescue-dog.cz\/wp-content\/uploads\/2024\/06\/IZS_01-300x225.jpg\",\"keywords\":[\"uk\u00e1zka\"],\"articleSection\":[\"Novinky\"],\"inLanguage\":\"cs\"},{\"@type\":\"WebPage\",\"@id\":\"https:\/\/rescue-dog.cz\/den-s-izs-2024\/\",\"url\":\"https:\/\/rescue-dog.cz\/den-s-izs-2024\/\",\"name\":\"Den s IZS 2024 - rescue-dog.cz\",\"isPartOf\":{\"@id\":\"http:\/\/rescue-dog.cz\/#website\"},\"primaryImageOfPage\":{\"@id\":\"https:\/\/rescue-dog.cz\/den-s-izs-2024\/#primaryimage\"},\"image\":{\"@id\":\"https:\/\/rescue-dog.cz\/den-s-izs-2024\/#primaryimage\"},\"thumbnailUrl\":\"http:\/\/rescue-dog.cz\/wp-content\/uploads\/2024\/06\/IZS_01-300x225.jpg\",\"datePublished\":\"2024-06-12T05:34:37+00:00\",\"dateModified\":\"2026-01-14T15:36:30+00:00\",\"author\":{\"@id\":\"http:\/\/rescue-dog.cz\/#\/schema\/person\/7f9e7c821a3d01df60ffb75390c85772\"},\"breadcrumb\":{\"@id\":\"https:\/\/rescue-dog.cz\/den-s-izs-2024\/#breadcrumb\"},\"inLanguage\":\"cs\",\"potentialAction\":[{\"@type\":\"ReadAction\",\"target\":[\"https:\/\/rescue-dog.cz\/den-s-izs-2024\/\"]}]},{\"@type\":\"ImageObject\",\"inLanguage\":\"cs\",\"@id\":\"https:\/\/rescue-dog.cz\/den-s-izs-2024\/#primaryimage\",\"url\":\"http:\/\/rescue-dog.cz\/wp-content\/uploads\/2024\/06\/IZS_01-scaled.jpg\",\"contentUrl\":\"http:\/\/rescue-dog.cz\/wp-content\/uploads\/2024\/06\/IZS_01-scaled.jpg\",\"width\":2560,\"height\":1920},{\"@type\":\"BreadcrumbList\",\"@id\":\"https:\/\/rescue-dog.cz\/den-s-izs-2024\/#breadcrumb\",\"itemListElement\":[{\"@type\":\"ListItem\",\"position\":1,\"name\":\"Dom\u016f\",\"item\":\"http:\/\/rescue-dog.cz\/\"},{\"@type\":\"ListItem\",\"position\":2,\"name\":\"Den s IZS 2024\"}]},{\"@type\":\"WebSite\",\"@id\":\"http:\/\/rescue-dog.cz\/#website\",\"url\":\"http:\/\/rescue-dog.cz\/\",\"name\":\"rescue-dog.cz\",\"description\":\"Z\u00e1chrann\u00e1 kynologick\u00e1 stanice Pood\u0159\u00ed\",\"potentialAction\":[{\"@type\":\"SearchAction\",\"target\":{\"@type\":\"EntryPoint\",\"urlTemplate\":\"http:\/\/rescue-dog.cz\/?s={search_term_string}\"},\"query-input\":{\"@type\":\"PropertyValueSpecification\",\"valueRequired\":true,\"valueName\":\"search_term_string\"}}],\"inLanguage\":\"cs\"},{\"@type\":\"Person\",\"@id\":\"http:\/\/rescue-dog.cz\/#\/schema\/person\/7f9e7c821a3d01df60ffb75390c85772\",\"name\":\"Marek Dehner\",\"image\":{\"@type\":\"ImageObject\",\"inLanguage\":\"cs\",\"@id\":\"http:\/\/rescue-dog.cz\/#\/schema\/person\/image\/\",\"url\":\"https:\/\/secure.gravatar.com\/avatar\/924d7375fce6a8cda2dc6aaf9142f7beab91609786fc8e07396eeddc42fdabe8?s=96&d=mm&r=g\",\"contentUrl\":\"https:\/\/secure.gravatar.com\/avatar\/924d7375fce6a8cda2dc6aaf9142f7beab91609786fc8e07396eeddc42fdabe8?s=96&d=mm&r=g\",\"caption\":\"Marek Dehner\"},\"url\":\"http:\/\/rescue-dog.cz\/author\/marek-dehner\/\"}]}<\/script>\n<!-- \/ Yoast SEO plugin. -->","yoast_head_json":{"title":"Den s IZS 2024 - rescue-dog.cz","robots":{"index":"index","follow":"follow","max-snippet":"max-snippet:-1","max-image-preview":"max-image-preview:large","max-video-preview":"max-video-preview:-1"},"canonical":"https:\/\/rescue-dog.cz\/den-s-izs-2024\/","og_locale":"cs_CZ","og_type":"article","og_title":"Den s IZS 2024 - rescue-dog.cz","og_description":"Ve \u010dtvrtek 6. \u010dervna se dva na\u0161i \u010dlenov\u00e9 (Marek Dehner a Marcela Sliack\u00e1) z\u00fa\u010dastnili se sv\u00fdmi par\u0165\u00e1ky tradi\u010dn\u00ed hlu\u010d\u00ednsk\u00e9 akce Den s IZS. Zobrazeno: 50 kr\u00e1t 0 0","og_url":"https:\/\/rescue-dog.cz\/den-s-izs-2024\/","og_site_name":"rescue-dog.cz","article_published_time":"2024-06-12T05:34:37+00:00","article_modified_time":"2026-01-14T15:36:30+00:00","og_image":[{"url":"http:\/\/rescue-dog.cz\/wp-content\/uploads\/2024\/06\/IZS_01-300x225.jpg","type":"","width":"","height":""}],"author":"Marek Dehner","twitter_card":"summary_large_image","twitter_misc":{"Napsal(a)":"Marek Dehner","Odhadovan\u00e1 doba \u010dten\u00ed":"2 minuty"},"schema":{"@context":"https:\/\/schema.org","@graph":[{"@type":"Article","@id":"https:\/\/rescue-dog.cz\/den-s-izs-2024\/#article","isPartOf":{"@id":"https:\/\/rescue-dog.cz\/den-s-izs-2024\/"},"author":{"name":"Marek Dehner","@id":"http:\/\/rescue-dog.cz\/#\/schema\/person\/7f9e7c821a3d01df60ffb75390c85772"},"headline":"Den s IZS 2024","datePublished":"2024-06-12T05:34:37+00:00","dateModified":"2026-01-14T15:36:30+00:00","mainEntityOfPage":{"@id":"https:\/\/rescue-dog.cz\/den-s-izs-2024\/"},"wordCount":113,"image":{"@id":"https:\/\/rescue-dog.cz\/den-s-izs-2024\/#primaryimage"},"thumbnailUrl":"http:\/\/rescue-dog.cz\/wp-content\/uploads\/2024\/06\/IZS_01-300x225.jpg","keywords":["uk\u00e1zka"],"articleSection":["Novinky"],"inLanguage":"cs"},{"@type":"WebPage","@id":"https:\/\/rescue-dog.cz\/den-s-izs-2024\/","url":"https:\/\/rescue-dog.cz\/den-s-izs-2024\/","name":"Den s IZS 2024 - rescue-dog.cz","isPartOf":{"@id":"http:\/\/rescue-dog.cz\/#website"},"primaryImageOfPage":{"@id":"https:\/\/rescue-dog.cz\/den-s-izs-2024\/#primaryimage"},"image":{"@id":"https:\/\/rescue-dog.cz\/den-s-izs-2024\/#primaryimage"},"thumbnailUrl":"http:\/\/rescue-dog.cz\/wp-content\/uploads\/2024\/06\/IZS_01-300x225.jpg","datePublished":"2024-06-12T05:34:37+00:00","dateModified":"2026-01-14T15:36:30+00:00","author":{"@id":"http:\/\/rescue-dog.cz\/#\/schema\/person\/7f9e7c821a3d01df60ffb75390c85772"},"breadcrumb":{"@id":"https:\/\/rescue-dog.cz\/den-s-izs-2024\/#breadcrumb"},"inLanguage":"cs","potentialAction":[{"@type":"ReadAction","target":["https:\/\/rescue-dog.cz\/den-s-izs-2024\/"]}]},{"@type":"ImageObject","inLanguage":"cs","@id":"https:\/\/rescue-dog.cz\/den-s-izs-2024\/#primaryimage","url":"http:\/\/rescue-dog.cz\/wp-content\/uploads\/2024\/06\/IZS_01-scaled.jpg","contentUrl":"http:\/\/rescue-dog.cz\/wp-content\/uploads\/2024\/06\/IZS_01-scaled.jpg","width":2560,"height":1920},{"@type":"BreadcrumbList","@id":"https:\/\/rescue-dog.cz\/den-s-izs-2024\/#breadcrumb","itemListElement":[{"@type":"ListItem","position":1,"name":"Dom\u016f","item":"http:\/\/rescue-dog.cz\/"},{"@type":"ListItem","position":2,"name":"Den s IZS 2024"}]},{"@type":"WebSite","@id":"http:\/\/rescue-dog.cz\/#website","url":"http:\/\/rescue-dog.cz\/","name":"rescue-dog.cz","description":"Z\u00e1chrann\u00e1 kynologick\u00e1 stanice Pood\u0159\u00ed","potentialAction":[{"@type":"SearchAction","target":{"@type":"EntryPoint","urlTemplate":"http:\/\/rescue-dog.cz\/?s={search_term_string}"},"query-input":{"@type":"PropertyValueSpecification","valueRequired":true,"valueName":"search_term_string"}}],"inLanguage":"cs"},{"@type":"Person","@id":"http:\/\/rescue-dog.cz\/#\/schema\/person\/7f9e7c821a3d01df60ffb75390c85772","name":"Marek Dehner","image":{"@type":"ImageObject","inLanguage":"cs","@id":"http:\/\/rescue-dog.cz\/#\/schema\/person\/image\/","url":"https:\/\/secure.gravatar.com\/avatar\/924d7375fce6a8cda2dc6aaf9142f7beab91609786fc8e07396eeddc42fdabe8?s=96&d=mm&r=g","contentUrl":"https:\/\/secure.gravatar.com\/avatar\/924d7375fce6a8cda2dc6aaf9142f7beab91609786fc8e07396eeddc42fdabe8?s=96&d=mm&r=g","caption":"Marek Dehner"},"url":"http:\/\/rescue-dog.cz\/author\/marek-dehner\/"}]}},"_links":{"self":[{"href":"http:\/\/rescue-dog.cz\/wp-json\/wp\/v2\/posts\/542","targetHints":{"allow":["GET"]}}],"collection":[{"href":"http:\/\/rescue-dog.cz\/wp-json\/wp\/v2\/posts"}],"about":[{"href":"http:\/\/rescue-dog.cz\/wp-json\/wp\/v2\/types\/post"}],"author":[{"embeddable":true,"href":"http:\/\/rescue-dog.cz\/wp-json\/wp\/v2\/users\/2"}],"replies":[{"embeddable":true,"href":"http:\/\/rescue-dog.cz\/wp-json\/wp\/v2\/comments?post=542"}],"version-history":[{"count":2,"href":"http:\/\/rescue-dog.cz\/wp-json\/wp\/v2\/posts\/542\/revisions"}],"predecessor-version":[{"id":551,"href":"http:\/\/rescue-dog.cz\/wp-json\/wp\/v2\/posts\/542\/revisions\/551"}],"wp:attachment":[{"href":"http:\/\/rescue-dog.cz\/wp-json\/wp\/v2\/media?parent=542"}],"wp:term":[{"taxonomy":"category","embeddable":true,"href":"http:\/\/rescue-dog.cz\/wp-json\/wp\/v2\/categories?post=542"},{"taxonomy":"post_tag","embeddable":true,"href":"http:\/\/rescue-dog.cz\/wp-json\/wp\/v2\/tags?post=542"}],"curies":[{"name":"wp","href":"https:\/\/api.w.org\/{rel}","templated":true}]}},{"id":533,"date":"2024-05-23T06:57:16","date_gmt":"2024-05-23T04:57:16","guid":{"rendered":"https:\/\/rescue-dog.cz\/?p=533"},"modified":"2024-05-23T07:48:30","modified_gmt":"2024-05-23T05:48:30","slug":"zkousky","status":"publish","type":"post","link":"http:\/\/rescue-dog.cz\/zkousky\/","title":{"rendered":"Zkou\u0161ky"},"content":{"rendered":"\n\n\n<p style=\"text-align: justify;\">Druh\u00e1 kv\u011btnov\u00e1 sobota se nesla v duchu zkou\u0161ek. Z\u00e1kladnu a z\u00e1zem\u00ed po\u0159\u00e1daj\u00edc\u00ed ZKS Pood\u0159\u00ed poskytl KK Hlu\u010d\u00edn. \u017de to nebyla proch\u00e1zka r\u016f\u017eov\u00fdm sadem (ale ani polem \u010di lesem), se mohlo p\u0159esv\u011bd\u010dit hned 10 t\u00fdm\u016f.<!--more--><\/p>\n<p style=\"text-align: justify;\">A mohli tak otestovat tr\u00e9ninkem nabyt\u00e9 dovednosti. Po\u010das\u00ed vl\u00e1dlo p\u0159\u00edv\u011btiv\u00e9, pod bd\u011bl\u00fdm zrakem sud\u00edho, kter\u00e9mu neunikla jedin\u00e1 chybi\u010dka, se potili hlavn\u011b psovodi. A\u0165 u\u017e se v tento kr\u00e1sn\u00fd den da\u0159ilo m\u00e9n\u011b nebo v\u00edce, byla to hlavn\u011b mo\u017enost zjistit, na \u010dem je pot\u0159eba zapracovat, co vylep\u0161it.<\/p>\n<p style=\"text-align: justify;\">Z\u00e1v\u011bre\u010dn\u00e1 p\u0159edn\u00e1\u0161ka rozhod\u010d\u00edho pana Pavla \u0160aback\u00e9ho, kter\u00fd v\u0161echny z\u00fa\u010dastn\u011bn\u00e9 seznamoval s nov\u00fdm zku\u0161ebn\u00edm \u0159\u00e1dem, byla u\u017e jen sladk\u00e1 t\u0159e\u0161inka na dortu.<\/p>\n<p style=\"text-align: justify;\">Panu rozhod\u010d\u00edmu pat\u0159\u00ed velk\u00e9 pod\u011bkov\u00e1n\u00ed nejen za cel\u00fd den, kter\u00fd s n\u00e1mi str\u00e1vil, ale tak\u00e9 za spravedliv\u00e9 hodnocen\u00ed v\u00fdkon\u016f.<\/p>\n<p><a href=\"http:\/\/rescue-dog.cz\/wp-content\/uploads\/2024\/05\/ZH_20240511_01.jpg\"><img loading=\"lazy\" decoding=\"async\" class=\"aligncenter wp-image-534 size-medium\" src=\"http:\/\/rescue-dog.cz\/wp-content\/uploads\/2024\/05\/ZH_20240511_01-300x135.jpg\" alt=\"\" width=\"300\" height=\"135\" srcset=\"http:\/\/rescue-dog.cz\/wp-content\/uploads\/2024\/05\/ZH_20240511_01-300x135.jpg 300w, http:\/\/rescue-dog.cz\/wp-content\/uploads\/2024\/05\/ZH_20240511_01-1024x462.jpg 1024w, http:\/\/rescue-dog.cz\/wp-content\/uploads\/2024\/05\/ZH_20240511_01-768x346.jpg 768w, http:\/\/rescue-dog.cz\/wp-content\/uploads\/2024\/05\/ZH_20240511_01-150x68.jpg 150w, http:\/\/rescue-dog.cz\/wp-content\/uploads\/2024\/05\/ZH_20240511_01-250x113.jpg 250w, http:\/\/rescue-dog.cz\/wp-content\/uploads\/2024\/05\/ZH_20240511_01.jpg 1420w\" sizes=\"auto, (max-width: 300px) 100vw, 300px\" \/><\/a> <a href=\"http:\/\/rescue-dog.cz\/wp-content\/uploads\/2024\/05\/ZH_20240511_02.jpg\"><img loading=\"lazy\" decoding=\"async\" class=\"aligncenter wp-image-535 size-medium\" src=\"http:\/\/rescue-dog.cz\/wp-content\/uploads\/2024\/05\/ZH_20240511_02-300x135.jpg\" alt=\"\" width=\"300\" height=\"135\" srcset=\"http:\/\/rescue-dog.cz\/wp-content\/uploads\/2024\/05\/ZH_20240511_02-300x135.jpg 300w, http:\/\/rescue-dog.cz\/wp-content\/uploads\/2024\/05\/ZH_20240511_02-1024x462.jpg 1024w, http:\/\/rescue-dog.cz\/wp-content\/uploads\/2024\/05\/ZH_20240511_02-768x346.jpg 768w, http:\/\/rescue-dog.cz\/wp-content\/uploads\/2024\/05\/ZH_20240511_02-150x68.jpg 150w, http:\/\/rescue-dog.cz\/wp-content\/uploads\/2024\/05\/ZH_20240511_02-250x113.jpg 250w, http:\/\/rescue-dog.cz\/wp-content\/uploads\/2024\/05\/ZH_20240511_02.jpg 1420w\" sizes=\"auto, (max-width: 300px) 100vw, 300px\" \/><\/a> <a href=\"http:\/\/rescue-dog.cz\/wp-content\/uploads\/2024\/05\/ZH_20240511_03.jpg\"><img loading=\"lazy\" decoding=\"async\" class=\"aligncenter wp-image-536 size-medium\" src=\"http:\/\/rescue-dog.cz\/wp-content\/uploads\/2024\/05\/ZH_20240511_03-300x135.jpg\" alt=\"\" width=\"300\" height=\"135\" srcset=\"http:\/\/rescue-dog.cz\/wp-content\/uploads\/2024\/05\/ZH_20240511_03-300x135.jpg 300w, http:\/\/rescue-dog.cz\/wp-content\/uploads\/2024\/05\/ZH_20240511_03-1024x461.jpg 1024w, http:\/\/rescue-dog.cz\/wp-content\/uploads\/2024\/05\/ZH_20240511_03-768x346.jpg 768w, http:\/\/rescue-dog.cz\/wp-content\/uploads\/2024\/05\/ZH_20240511_03-1536x692.jpg 1536w, http:\/\/rescue-dog.cz\/wp-content\/uploads\/2024\/05\/ZH_20240511_03-150x68.jpg 150w, http:\/\/rescue-dog.cz\/wp-content\/uploads\/2024\/05\/ZH_20240511_03-250x113.jpg 250w, http:\/\/rescue-dog.cz\/wp-content\/uploads\/2024\/05\/ZH_20240511_03.jpg 2048w\" sizes=\"auto, (max-width: 300px) 100vw, 300px\" \/><\/a><\/p>\n<p class=\"bawpvc-ajax-counter\" data-id=\"533\">Zobrazeno: 81 kr\u00e1t<\/p><div class='watch-action'><div class='watch-position align-right'><div class='action-like'><a class='lbg-style3 like-533 jlk' href='javascript:void(0)' data-task='like' data-post_id='533' data-nonce='4ab0c834a3' rel='nofollow'><img class='wti-pixel' src='http:\/\/rescue-dog.cz\/wp-content\/plugins\/wti-like-post\/images\/pixel.gif' title='L\u00edb\u00ed' \/><span class='lc-533 lc'>+1<\/span><\/a><\/div><div class='action-unlike'><a class='unlbg-style3 unlike-533 jlk' href='javascript:void(0)' data-task='unlike' data-post_id='533' data-nonce='4ab0c834a3' rel='nofollow'><img class='wti-pixel' src='http:\/\/rescue-dog.cz\/wp-content\/plugins\/wti-like-post\/images\/pixel.gif' title='Nel\u00edb\u00ed' \/><span class='unlc-533 unlc'>0<\/span><\/a><\/div> <\/div> <div class='status-533 status align-right'><\/div><\/div><div class='wti-clear'><\/div>","protected":false},"excerpt":{"rendered":"<p>Druh\u00e1 kv\u011btnov\u00e1 sobota se nesla v duchu zkou\u0161ek. Z\u00e1kladnu a z\u00e1zem\u00ed po\u0159\u00e1daj\u00edc\u00ed ZKS Pood\u0159\u00ed poskytl KK Hlu\u010d\u00edn. \u017de to nebyla proch\u00e1zka r\u016f\u017eov\u00fdm sadem (ale ani polem \u010di lesem), se mohlo p\u0159esv\u011bd\u010dit hned 10 t\u00fdm\u016f. Zobrazeno: 81 kr\u00e1t +1 0<\/p>\n","protected":false},"author":2,"featured_media":0,"comment_status":"closed","ping_status":"open","sticky":false,"template":"","format":"standard","meta":{"ngg_post_thumbnail":0,"footnotes":""},"categories":[4],"tags":[19],"class_list":["post-533","post","type-post","status-publish","format-standard","hentry","category-novinky","tag-zkousky"],"yoast_head":"<!-- This site is optimized with the Yoast SEO plugin v26.8 - https:\/\/yoast.com\/product\/yoast-seo-wordpress\/ -->\n<title>Zkou\u0161ky - rescue-dog.cz<\/title>\n<meta name=\"description\" content=\"Druh\u00e1 kv\u011btnov\u00e1 sobota se nesla v duchu zkou\u0161ek. Z\u00e1kladnu a z\u00e1zem\u00ed po\u0159\u00e1daj\u00edc\u00ed ZKS Pood\u0159\u00ed poskytl KK Hlu\u010d\u00edn. \u017de to nebyla proch\u00e1zka r\u016f\u017eov\u00fdm sadem (ale ani polem \u010di lesem), se mohlo p\u0159esv\u011bd\u010dit hned 10 t\u00fdm\u016f.\" \/>\n<meta name=\"robots\" content=\"index, follow, max-snippet:-1, max-image-preview:large, max-video-preview:-1\" \/>\n<link rel=\"canonical\" href=\"https:\/\/rescue-dog.cz\/zkousky\/\" \/>\n<meta property=\"og:locale\" content=\"cs_CZ\" \/>\n<meta property=\"og:type\" content=\"article\" \/>\n<meta property=\"og:title\" content=\"Zkou\u0161ky - rescue-dog.cz\" \/>\n<meta property=\"og:description\" content=\"Druh\u00e1 kv\u011btnov\u00e1 sobota se nesla v duchu zkou\u0161ek. Z\u00e1kladnu a z\u00e1zem\u00ed po\u0159\u00e1daj\u00edc\u00ed ZKS Pood\u0159\u00ed poskytl KK Hlu\u010d\u00edn. \u017de to nebyla proch\u00e1zka r\u016f\u017eov\u00fdm sadem (ale ani polem \u010di lesem), se mohlo p\u0159esv\u011bd\u010dit hned 10 t\u00fdm\u016f.\" \/>\n<meta property=\"og:url\" content=\"https:\/\/rescue-dog.cz\/zkousky\/\" \/>\n<meta property=\"og:site_name\" content=\"rescue-dog.cz\" \/>\n<meta property=\"article:published_time\" content=\"2024-05-23T04:57:16+00:00\" \/>\n<meta property=\"article:modified_time\" content=\"2024-05-23T05:48:30+00:00\" \/>\n<meta property=\"og:image\" content=\"http:\/\/rescue-dog.cz\/wp-content\/uploads\/2024\/05\/ZH_20240511_01-300x135.jpg\" \/>\n<meta name=\"author\" content=\"Marek Dehner\" \/>\n<meta name=\"twitter:card\" content=\"summary_large_image\" \/>\n<meta name=\"twitter:label1\" content=\"Napsal(a)\" \/>\n\t<meta name=\"twitter:data1\" content=\"Marek Dehner\" \/>\n\t<meta name=\"twitter:label2\" content=\"Odhadovan\u00e1 doba \u010dten\u00ed\" \/>\n\t<meta name=\"twitter:data2\" content=\"2 minuty\" \/>\n<script type=\"application\/ld+json\" class=\"yoast-schema-graph\">{\"@context\":\"https:\/\/schema.org\",\"@graph\":[{\"@type\":\"Article\",\"@id\":\"https:\/\/rescue-dog.cz\/zkousky\/#article\",\"isPartOf\":{\"@id\":\"https:\/\/rescue-dog.cz\/zkousky\/\"},\"author\":{\"name\":\"Marek Dehner\",\"@id\":\"http:\/\/rescue-dog.cz\/#\/schema\/person\/7f9e7c821a3d01df60ffb75390c85772\"},\"headline\":\"Zkou\u0161ky\",\"datePublished\":\"2024-05-23T04:57:16+00:00\",\"dateModified\":\"2024-05-23T05:48:30+00:00\",\"mainEntityOfPage\":{\"@id\":\"https:\/\/rescue-dog.cz\/zkousky\/\"},\"wordCount\":172,\"image\":{\"@id\":\"https:\/\/rescue-dog.cz\/zkousky\/#primaryimage\"},\"thumbnailUrl\":\"http:\/\/rescue-dog.cz\/wp-content\/uploads\/2024\/05\/ZH_20240511_01-300x135.jpg\",\"keywords\":[\"zkou\u0161ky\"],\"articleSection\":[\"Novinky\"],\"inLanguage\":\"cs\"},{\"@type\":\"WebPage\",\"@id\":\"https:\/\/rescue-dog.cz\/zkousky\/\",\"url\":\"https:\/\/rescue-dog.cz\/zkousky\/\",\"name\":\"Zkou\u0161ky - rescue-dog.cz\",\"isPartOf\":{\"@id\":\"http:\/\/rescue-dog.cz\/#website\"},\"primaryImageOfPage\":{\"@id\":\"https:\/\/rescue-dog.cz\/zkousky\/#primaryimage\"},\"image\":{\"@id\":\"https:\/\/rescue-dog.cz\/zkousky\/#primaryimage\"},\"thumbnailUrl\":\"http:\/\/rescue-dog.cz\/wp-content\/uploads\/2024\/05\/ZH_20240511_01-300x135.jpg\",\"datePublished\":\"2024-05-23T04:57:16+00:00\",\"dateModified\":\"2024-05-23T05:48:30+00:00\",\"author\":{\"@id\":\"http:\/\/rescue-dog.cz\/#\/schema\/person\/7f9e7c821a3d01df60ffb75390c85772\"},\"description\":\"Druh\u00e1 kv\u011btnov\u00e1 sobota se nesla v duchu zkou\u0161ek. Z\u00e1kladnu a z\u00e1zem\u00ed po\u0159\u00e1daj\u00edc\u00ed ZKS Pood\u0159\u00ed poskytl KK Hlu\u010d\u00edn. \u017de to nebyla proch\u00e1zka r\u016f\u017eov\u00fdm sadem (ale ani polem \u010di lesem), se mohlo p\u0159esv\u011bd\u010dit hned 10 t\u00fdm\u016f.\",\"breadcrumb\":{\"@id\":\"https:\/\/rescue-dog.cz\/zkousky\/#breadcrumb\"},\"inLanguage\":\"cs\",\"potentialAction\":[{\"@type\":\"ReadAction\",\"target\":[\"https:\/\/rescue-dog.cz\/zkousky\/\"]}]},{\"@type\":\"ImageObject\",\"inLanguage\":\"cs\",\"@id\":\"https:\/\/rescue-dog.cz\/zkousky\/#primaryimage\",\"url\":\"http:\/\/rescue-dog.cz\/wp-content\/uploads\/2024\/05\/ZH_20240511_01.jpg\",\"contentUrl\":\"http:\/\/rescue-dog.cz\/wp-content\/uploads\/2024\/05\/ZH_20240511_01.jpg\",\"width\":1420,\"height\":640},{\"@type\":\"BreadcrumbList\",\"@id\":\"https:\/\/rescue-dog.cz\/zkousky\/#breadcrumb\",\"itemListElement\":[{\"@type\":\"ListItem\",\"position\":1,\"name\":\"Dom\u016f\",\"item\":\"http:\/\/rescue-dog.cz\/\"},{\"@type\":\"ListItem\",\"position\":2,\"name\":\"Zkou\u0161ky\"}]},{\"@type\":\"WebSite\",\"@id\":\"http:\/\/rescue-dog.cz\/#website\",\"url\":\"http:\/\/rescue-dog.cz\/\",\"name\":\"rescue-dog.cz\",\"description\":\"Z\u00e1chrann\u00e1 kynologick\u00e1 stanice Pood\u0159\u00ed\",\"potentialAction\":[{\"@type\":\"SearchAction\",\"target\":{\"@type\":\"EntryPoint\",\"urlTemplate\":\"http:\/\/rescue-dog.cz\/?s={search_term_string}\"},\"query-input\":{\"@type\":\"PropertyValueSpecification\",\"valueRequired\":true,\"valueName\":\"search_term_string\"}}],\"inLanguage\":\"cs\"},{\"@type\":\"Person\",\"@id\":\"http:\/\/rescue-dog.cz\/#\/schema\/person\/7f9e7c821a3d01df60ffb75390c85772\",\"name\":\"Marek Dehner\",\"image\":{\"@type\":\"ImageObject\",\"inLanguage\":\"cs\",\"@id\":\"http:\/\/rescue-dog.cz\/#\/schema\/person\/image\/\",\"url\":\"https:\/\/secure.gravatar.com\/avatar\/924d7375fce6a8cda2dc6aaf9142f7beab91609786fc8e07396eeddc42fdabe8?s=96&d=mm&r=g\",\"contentUrl\":\"https:\/\/secure.gravatar.com\/avatar\/924d7375fce6a8cda2dc6aaf9142f7beab91609786fc8e07396eeddc42fdabe8?s=96&d=mm&r=g\",\"caption\":\"Marek Dehner\"},\"url\":\"http:\/\/rescue-dog.cz\/author\/marek-dehner\/\"}]}<\/script>\n<!-- \/ Yoast SEO plugin. -->","yoast_head_json":{"title":"Zkou\u0161ky - rescue-dog.cz","description":"Druh\u00e1 kv\u011btnov\u00e1 sobota se nesla v duchu zkou\u0161ek. Z\u00e1kladnu a z\u00e1zem\u00ed po\u0159\u00e1daj\u00edc\u00ed ZKS Pood\u0159\u00ed poskytl KK Hlu\u010d\u00edn. \u017de to nebyla proch\u00e1zka r\u016f\u017eov\u00fdm sadem (ale ani polem \u010di lesem), se mohlo p\u0159esv\u011bd\u010dit hned 10 t\u00fdm\u016f.","robots":{"index":"index","follow":"follow","max-snippet":"max-snippet:-1","max-image-preview":"max-image-preview:large","max-video-preview":"max-video-preview:-1"},"canonical":"https:\/\/rescue-dog.cz\/zkousky\/","og_locale":"cs_CZ","og_type":"article","og_title":"Zkou\u0161ky - rescue-dog.cz","og_description":"Druh\u00e1 kv\u011btnov\u00e1 sobota se nesla v duchu zkou\u0161ek. Z\u00e1kladnu a z\u00e1zem\u00ed po\u0159\u00e1daj\u00edc\u00ed ZKS Pood\u0159\u00ed poskytl KK Hlu\u010d\u00edn. \u017de to nebyla proch\u00e1zka r\u016f\u017eov\u00fdm sadem (ale ani polem \u010di lesem), se mohlo p\u0159esv\u011bd\u010dit hned 10 t\u00fdm\u016f.","og_url":"https:\/\/rescue-dog.cz\/zkousky\/","og_site_name":"rescue-dog.cz","article_published_time":"2024-05-23T04:57:16+00:00","article_modified_time":"2024-05-23T05:48:30+00:00","og_image":[{"url":"http:\/\/rescue-dog.cz\/wp-content\/uploads\/2024\/05\/ZH_20240511_01-300x135.jpg","type":"","width":"","height":""}],"author":"Marek Dehner","twitter_card":"summary_large_image","twitter_misc":{"Napsal(a)":"Marek Dehner","Odhadovan\u00e1 doba \u010dten\u00ed":"2 minuty"},"schema":{"@context":"https:\/\/schema.org","@graph":[{"@type":"Article","@id":"https:\/\/rescue-dog.cz\/zkousky\/#article","isPartOf":{"@id":"https:\/\/rescue-dog.cz\/zkousky\/"},"author":{"name":"Marek Dehner","@id":"http:\/\/rescue-dog.cz\/#\/schema\/person\/7f9e7c821a3d01df60ffb75390c85772"},"headline":"Zkou\u0161ky","datePublished":"2024-05-23T04:57:16+00:00","dateModified":"2024-05-23T05:48:30+00:00","mainEntityOfPage":{"@id":"https:\/\/rescue-dog.cz\/zkousky\/"},"wordCount":172,"image":{"@id":"https:\/\/rescue-dog.cz\/zkousky\/#primaryimage"},"thumbnailUrl":"http:\/\/rescue-dog.cz\/wp-content\/uploads\/2024\/05\/ZH_20240511_01-300x135.jpg","keywords":["zkou\u0161ky"],"articleSection":["Novinky"],"inLanguage":"cs"},{"@type":"WebPage","@id":"https:\/\/rescue-dog.cz\/zkousky\/","url":"https:\/\/rescue-dog.cz\/zkousky\/","name":"Zkou\u0161ky - rescue-dog.cz","isPartOf":{"@id":"http:\/\/rescue-dog.cz\/#website"},"primaryImageOfPage":{"@id":"https:\/\/rescue-dog.cz\/zkousky\/#primaryimage"},"image":{"@id":"https:\/\/rescue-dog.cz\/zkousky\/#primaryimage"},"thumbnailUrl":"http:\/\/rescue-dog.cz\/wp-content\/uploads\/2024\/05\/ZH_20240511_01-300x135.jpg","datePublished":"2024-05-23T04:57:16+00:00","dateModified":"2024-05-23T05:48:30+00:00","author":{"@id":"http:\/\/rescue-dog.cz\/#\/schema\/person\/7f9e7c821a3d01df60ffb75390c85772"},"description":"Druh\u00e1 kv\u011btnov\u00e1 sobota se nesla v duchu zkou\u0161ek. Z\u00e1kladnu a z\u00e1zem\u00ed po\u0159\u00e1daj\u00edc\u00ed ZKS Pood\u0159\u00ed poskytl KK Hlu\u010d\u00edn. \u017de to nebyla proch\u00e1zka r\u016f\u017eov\u00fdm sadem (ale ani polem \u010di lesem), se mohlo p\u0159esv\u011bd\u010dit hned 10 t\u00fdm\u016f.","breadcrumb":{"@id":"https:\/\/rescue-dog.cz\/zkousky\/#breadcrumb"},"inLanguage":"cs","potentialAction":[{"@type":"ReadAction","target":["https:\/\/rescue-dog.cz\/zkousky\/"]}]},{"@type":"ImageObject","inLanguage":"cs","@id":"https:\/\/rescue-dog.cz\/zkousky\/#primaryimage","url":"http:\/\/rescue-dog.cz\/wp-content\/uploads\/2024\/05\/ZH_20240511_01.jpg","contentUrl":"http:\/\/rescue-dog.cz\/wp-content\/uploads\/2024\/05\/ZH_20240511_01.jpg","width":1420,"height":640},{"@type":"BreadcrumbList","@id":"https:\/\/rescue-dog.cz\/zkousky\/#breadcrumb","itemListElement":[{"@type":"ListItem","position":1,"name":"Dom\u016f","item":"http:\/\/rescue-dog.cz\/"},{"@type":"ListItem","position":2,"name":"Zkou\u0161ky"}]},{"@type":"WebSite","@id":"http:\/\/rescue-dog.cz\/#website","url":"http:\/\/rescue-dog.cz\/","name":"rescue-dog.cz","description":"Z\u00e1chrann\u00e1 kynologick\u00e1 stanice Pood\u0159\u00ed","potentialAction":[{"@type":"SearchAction","target":{"@type":"EntryPoint","urlTemplate":"http:\/\/rescue-dog.cz\/?s={search_term_string}"},"query-input":{"@type":"PropertyValueSpecification","valueRequired":true,"valueName":"search_term_string"}}],"inLanguage":"cs"},{"@type":"Person","@id":"http:\/\/rescue-dog.cz\/#\/schema\/person\/7f9e7c821a3d01df60ffb75390c85772","name":"Marek Dehner","image":{"@type":"ImageObject","inLanguage":"cs","@id":"http:\/\/rescue-dog.cz\/#\/schema\/person\/image\/","url":"https:\/\/secure.gravatar.com\/avatar\/924d7375fce6a8cda2dc6aaf9142f7beab91609786fc8e07396eeddc42fdabe8?s=96&d=mm&r=g","contentUrl":"https:\/\/secure.gravatar.com\/avatar\/924d7375fce6a8cda2dc6aaf9142f7beab91609786fc8e07396eeddc42fdabe8?s=96&d=mm&r=g","caption":"Marek Dehner"},"url":"http:\/\/rescue-dog.cz\/author\/marek-dehner\/"}]}},"_links":{"self":[{"href":"http:\/\/rescue-dog.cz\/wp-json\/wp\/v2\/posts\/533","targetHints":{"allow":["GET"]}}],"collection":[{"href":"http:\/\/rescue-dog.cz\/wp-json\/wp\/v2\/posts"}],"about":[{"href":"http:\/\/rescue-dog.cz\/wp-json\/wp\/v2\/types\/post"}],"author":[{"embeddable":true,"href":"http:\/\/rescue-dog.cz\/wp-json\/wp\/v2\/users\/2"}],"replies":[{"embeddable":true,"href":"http:\/\/rescue-dog.cz\/wp-json\/wp\/v2\/comments?post=533"}],"version-history":[{"count":2,"href":"http:\/\/rescue-dog.cz\/wp-json\/wp\/v2\/posts\/533\/revisions"}],"predecessor-version":[{"id":539,"href":"http:\/\/rescue-dog.cz\/wp-json\/wp\/v2\/posts\/533\/revisions\/539"}],"wp:attachment":[{"href":"http:\/\/rescue-dog.cz\/wp-json\/wp\/v2\/media?parent=533"}],"wp:term":[{"taxonomy":"category","embeddable":true,"href":"http:\/\/rescue-dog.cz\/wp-json\/wp\/v2\/categories?post=533"},{"taxonomy":"post_tag","embeddable":true,"href":"http:\/\/rescue-dog.cz\/wp-json\/wp\/v2\/tags?post=533"}],"curies":[{"name":"wp","href":"https:\/\/api.w.org\/{rel}","templated":true}]}}]